{"id":43866,"date":"2018-03-12T12:51:18","date_gmt":"2018-03-12T15:51:18","guid":{"rendered":"http:\/\/caririemacao.com\/1\/?p=43866"},"modified":"2018-03-12T16:48:43","modified_gmt":"2018-03-12T19:48:43","slug":"prefeito-de-sume-decreta-luto-oficial-pelo-falecimento-de-leonardo-guilherme","status":"publish","type":"post","link":"https:\/\/www.caririemacao.com\/1\/2018\/03\/12\/prefeito-de-sume-decreta-luto-oficial-pelo-falecimento-de-leonardo-guilherme\/","title":{"rendered":"Prefeito de Sum\u00e9 decreta luto oficial pelo falecimento de Leonardo Guilherme"},"content":{"rendered":"<p><strong>NOTA OFICIAL<\/strong><\/p>\n<p style=\"font-weight: 400;\">O prefeito \u00c9den Duarte decretou luto oficial por tr\u00eas dias em Sum\u00e9 em virtude do falecimento do ex-prefeito do munic\u00edpio, Leonardo Guilherme.<\/p>\n<p style=\"font-weight: 400;\">Leonardo Guilherme morreu na manh\u00e3 desta segunda-feira (12\/03,) em Sum\u00e9 por problemas de sa\u00fade. Ele tinha 89 anos de idade.<\/p>\n<p style=\"font-weight: 400;\">Leonardo foi prefeito do munic\u00edpio entre 1977 e 1983, exerceu ainda a fun\u00e7\u00e3o de vice-prefeito e secret\u00e1rio municipal.<\/p>\n<p style=\"font-weight: 400;\">Por muitos anos, ele e sua falecida esposa dona Zita, exerceram a fun\u00e7\u00e3o de diretores do Abrigo de Idosos de Sum\u00e9 \u201cRos\u00e1lia Paulino\u201d, onde l\u00e1 desempenharam um trabalho social e comunit\u00e1rio voltado para o cuidado dos idosos que buscavam prote\u00e7\u00e3o e amparo na institui\u00e7\u00e3o.<\/p>\n<p style=\"font-weight: 400;\">O Poder Executivo Municipal presta suas condol\u00eancias e solidariedade \u00e0 fam\u00edlia do senhor Leonardo Guilherme e o prefeito \u00c9den Duarte determina o fechamento da sede da Prefeitura de Sum\u00e9 esta ter\u00e7a-feira (13\/03).<\/p>\n<p style=\"font-weight: 400;\">O corpo de Leonardo ser\u00e1 velado na Central de Vel\u00f3rios Municipal e o seu sepultamento acontecer\u00e1 na manh\u00e3 desta ter\u00e7a-feira (13\/03), \u00e0s 9h.<\/p>\n<p><strong>CARIRI EM A\u00c7\u00c3O<\/strong><\/p>\n<p><em>Com Ascom<\/em><\/p>\n<p><strong>Leia mais not\u00edcias em\u00a0<\/strong><a href=\"http:\/\/www.caririemacao.com\/\"><strong>caririemacao.com<\/strong><\/a><strong>, siga nossa p\u00e1gina no\u00a0<\/strong><a href=\"https:\/\/www.facebook.com\/CaririEmAcao\/?ref=aymt_homepage_panel\"><strong>Facebook<\/strong><\/a>,<strong>\u00a0<\/strong><a href=\"https:\/\/www.instagram.com\/cariri_em_acao\/?hl=pt-br\"><strong>Instagram<\/strong><\/a><strong>\u00a0e <\/strong><a href=\"https:\/\/www.youtube.com\/channel\/UCAptA0jQuYQy8vMhLt2m4qg\"><strong>Youtube<\/strong><\/a><strong>\u00a0e veja nossas mat\u00e9rias, v\u00eddeos e fotos. Voc\u00ea tamb\u00e9m pode enviar informa\u00e7\u00f5es \u00e0 Reda\u00e7\u00e3o do Portal Cariri em A\u00e7\u00e3o pelo WhatsApp (83) 9 9634.5791, (83) 9 9601-1162.<\/strong><\/p>\n","protected":false},"excerpt":{"rendered":"<p>NOTA OFICIAL O prefeito \u00c9den Duarte decretou luto oficial por tr\u00eas dias em Sum\u00e9 em virtude do falecimento do ex-prefeito do munic\u00edpio, Leonardo Guilherme. Leonardo&hellip; <\/p>\n","protected":false},"author":2,"featured_media":43832,"comment_status":"closed","ping_status":"closed","sticky":false,"template":"","format":"standard","meta":{"sfsi_plus_gutenberg_text_before_share":"","sfsi_plus_gutenberg_show_text_before_share":"","sfsi_plus_gutenberg_icon_type":"","sfsi_plus_gutenberg_icon_alignemt":"","sfsi_plus_gutenburg_max_per_row":"","footnotes":""},"categories":[2],"tags":[],"class_list":["post-43866","post","type-post","status-publish","format-standard","has-post-thumbnail","hentry","category-geral"],"_links":{"self":[{"href":"https:\/\/www.caririemacao.com\/1\/wp-json\/wp\/v2\/posts\/43866","targetHints":{"allow":["GET"]}}],"collection":[{"href":"https:\/\/www.caririemacao.com\/1\/wp-json\/wp\/v2\/posts"}],"about":[{"href":"https:\/\/www.caririemacao.com\/1\/wp-json\/wp\/v2\/types\/post"}],"author":[{"embeddable":true,"href":"https:\/\/www.caririemacao.com\/1\/wp-json\/wp\/v2\/users\/2"}],"replies":[{"embeddable":true,"href":"https:\/\/www.caririemacao.com\/1\/wp-json\/wp\/v2\/comments?post=43866"}],"version-history":[{"count":0,"href":"https:\/\/www.caririemacao.com\/1\/wp-json\/wp\/v2\/posts\/43866\/revisions"}],"wp:featuredmedia":[{"embeddable":true,"href":"https:\/\/www.caririemacao.com\/1\/wp-json\/wp\/v2\/media\/43832"}],"wp:attachment":[{"href":"https:\/\/www.caririemacao.com\/1\/wp-json\/wp\/v2\/media?parent=43866"}],"wp:term":[{"taxonomy":"category","embeddable":true,"href":"https:\/\/www.caririemacao.com\/1\/wp-json\/wp\/v2\/categories?post=43866"},{"taxonomy":"post_tag","embeddable":true,"href":"https:\/\/www.caririemacao.com\/1\/wp-json\/wp\/v2\/tags?post=43866"}],"curies":[{"name":"wp","href":"https:\/\/api.w.org\/{rel}","templated":true}]}}