{"id":43868,"date":"2018-03-12T13:05:49","date_gmt":"2018-03-12T16:05:49","guid":{"rendered":"http:\/\/caririemacao.com\/1\/?p=43868"},"modified":"2018-03-12T13:06:58","modified_gmt":"2018-03-12T16:06:58","slug":"policial-militar-e-ferido-a-facadas-pela-companheira-em-juazeirinho","status":"publish","type":"post","link":"https:\/\/www.caririemacao.com\/1\/2018\/03\/12\/policial-militar-e-ferido-a-facadas-pela-companheira-em-juazeirinho\/","title":{"rendered":"Policial Militar \u00e9 ferido a facadas pela companheira em Juazeirinho"},"content":{"rendered":"<p>O policial Militar de nome R\u00f4mulo, sofrei uma tentativa de homic\u00eddio ao ser ferido a facadas pela pr\u00f3pria companheira na noite deste domingo (11) no bairro do Frei Dami\u00e3o, zona oeste da cidade, onde o casal reside.<\/p>\n<p>Informa\u00e7\u00f5es colhidas<strong>\u00a0<\/strong>d\u00e3o conta de que o policial e a companheira estariam ingerido bebida alco\u00f3lica, quando se desentenderam e deram inicio a uma confus\u00e3o.<\/p>\n<p>Ent\u00e3o a mulher, identificada como Erivanda, desferiu dois golpes de faca peixeira no companheiro, sendo um no bra\u00e7o e outro nas costas.<\/p>\n<p>&#8220;R\u00f4mulo foi socorrido por uma ambul\u00e2ncia para o hospital Municipal da cidade, onde recebeu os primeiros socorros e, em seguida, transferido para o Trauma de Campina Grande apresentando um quadro est\u00e1vel de sa\u00fade.<\/p>\n<p>A m\u00e9dica de plant\u00e3o o acompanhou na ambul\u00e2ncia at\u00e9 a cidade de Soledade, como exige o protocolo.<\/p>\n<p>J\u00e1 a acusada da tentativa de homic\u00eddio foi presa em flagrante pela Pol\u00edcia Militar (PM) e conduzida at\u00e9 a cidade de Esperan\u00e7a, para prestar depoimento ao delegado de plant\u00e3o na Delegacia de Pol\u00edcia Civil (PC).<\/p>\n<p><strong>CARIRI EM A\u00c7\u00c3O<\/strong><\/p>\n<p><em>Com helenolima\/Foto: Reprodu\u00e7\u00e3o Internet<\/em><\/p>\n<p><strong>Leia mais not\u00edcias em\u00a0<\/strong><a href=\"http:\/\/www.caririemacao.com\/\"><strong>caririemacao.com<\/strong><\/a><strong>, siga nossa p\u00e1gina no\u00a0<\/strong><a href=\"https:\/\/www.facebook.com\/CaririEmAcao\/?ref=aymt_homepage_panel\"><strong>Facebook<\/strong><\/a>,<strong>\u00a0<\/strong><a href=\"https:\/\/www.instagram.com\/cariri_em_acao\/?hl=pt-br\"><strong>Instagram<\/strong><\/a><strong>\u00a0e <\/strong><a href=\"https:\/\/www.youtube.com\/channel\/UCAptA0jQuYQy8vMhLt2m4qg\"><strong>Youtube<\/strong><\/a><strong>\u00a0e veja nossas mat\u00e9rias, v\u00eddeos e fotos. Voc\u00ea tamb\u00e9m pode enviar informa\u00e7\u00f5es \u00e0 Reda\u00e7\u00e3o do Portal Cariri em A\u00e7\u00e3o pelo WhatsApp (83) 9 9634.5791, (83) 9 9601-1162.<\/strong><\/p>\n","protected":false},"excerpt":{"rendered":"<p>O policial Militar de nome R\u00f4mulo, sofrei uma tentativa de homic\u00eddio ao ser ferido a facadas pela pr\u00f3pria companheira na noite deste domingo (11) no&hellip; <\/p>\n","protected":false},"author":2,"featured_media":43869,"comment_status":"closed","ping_status":"closed","sticky":false,"template":"","format":"standard","meta":{"sfsi_plus_gutenberg_text_before_share":"","sfsi_plus_gutenberg_show_text_before_share":"","sfsi_plus_gutenberg_icon_type":"","sfsi_plus_gutenberg_icon_alignemt":"","sfsi_plus_gutenburg_max_per_row":"","footnotes":""},"categories":[12],"tags":[],"class_list":["post-43868","post","type-post","status-publish","format-standard","has-post-thumbnail","hentry","category-policia"],"_links":{"self":[{"href":"https:\/\/www.caririemacao.com\/1\/wp-json\/wp\/v2\/posts\/43868","targetHints":{"allow":["GET"]}}],"collection":[{"href":"https:\/\/www.caririemacao.com\/1\/wp-json\/wp\/v2\/posts"}],"about":[{"href":"https:\/\/www.caririemacao.com\/1\/wp-json\/wp\/v2\/types\/post"}],"author":[{"embeddable":true,"href":"https:\/\/www.caririemacao.com\/1\/wp-json\/wp\/v2\/users\/2"}],"replies":[{"embeddable":true,"href":"https:\/\/www.caririemacao.com\/1\/wp-json\/wp\/v2\/comments?post=43868"}],"version-history":[{"count":0,"href":"https:\/\/www.caririemacao.com\/1\/wp-json\/wp\/v2\/posts\/43868\/revisions"}],"wp:featuredmedia":[{"embeddable":true,"href":"https:\/\/www.caririemacao.com\/1\/wp-json\/wp\/v2\/media\/43869"}],"wp:attachment":[{"href":"https:\/\/www.caririemacao.com\/1\/wp-json\/wp\/v2\/media?parent=43868"}],"wp:term":[{"taxonomy":"category","embeddable":true,"href":"https:\/\/www.caririemacao.com\/1\/wp-json\/wp\/v2\/categories?post=43868"},{"taxonomy":"post_tag","embeddable":true,"href":"https:\/\/www.caririemacao.com\/1\/wp-json\/wp\/v2\/tags?post=43868"}],"curies":[{"name":"wp","href":"https:\/\/api.w.org\/{rel}","templated":true}]}}