{"id":43872,"date":"2018-03-12T13:18:05","date_gmt":"2018-03-12T16:18:05","guid":{"rendered":"http:\/\/caririemacao.com\/1\/?p=43872"},"modified":"2018-03-12T13:45:56","modified_gmt":"2018-03-12T16:45:56","slug":"prefeita-silvana-marinho-comemora-assinatura-da-ordem-de-servico-para-construcao-da-escola-estadual-em-santo-andre","status":"publish","type":"post","link":"https:\/\/www.caririemacao.com\/1\/2018\/03\/12\/prefeita-silvana-marinho-comemora-assinatura-da-ordem-de-servico-para-construcao-da-escola-estadual-em-santo-andre\/","title":{"rendered":"Prefeita Silvana Marinho comemora assinatura da Ordem de Servi\u00e7o para constru\u00e7\u00e3o da Escola Estadual em Santo Andr\u00e9"},"content":{"rendered":"<div>A Prefeita de Santo Andr\u00e9, Silvana Marinho participou neste s\u00e1bado (10), em Sum\u00e9 da plen\u00e1ria do Or\u00e7amento Democr\u00e1tico Estadual, o Governador Ricardo Coutinho e diversas autoridades do Estado estavam no evento.<\/div>\n<div><\/div>\n<div>Silvana Marinho, recebeu a assinatura da Ordem de Servi\u00e7o da Escola Estadual em Santo Andr\u00e9, uma das maiores lutas de sua gest\u00e3o e que come\u00e7a a virar realidade.<\/div>\n<div><a href=\"http:\/\/caririemacao.com\/1\/?attachment_id=43874\" rel=\"attachment wp-att-43874\"><img fetchpriority=\"high\" decoding=\"async\" class=\"aligncenter size-full wp-image-43874\" src=\"http:\/\/caririemacao.com\/1\/wp-content\/uploads\/2018\/03\/Silvana-Marinho-Santo-Andr\u00e9-2.jpg\" alt=\"\" width=\"800\" height=\"533\" srcset=\"https:\/\/www.caririemacao.com\/1\/wp-content\/uploads\/2018\/03\/Silvana-Marinho-Santo-Andr\u00e9-2.jpg 800w, https:\/\/www.caririemacao.com\/1\/wp-content\/uploads\/2018\/03\/Silvana-Marinho-Santo-Andr\u00e9-2-300x200.jpg 300w, https:\/\/www.caririemacao.com\/1\/wp-content\/uploads\/2018\/03\/Silvana-Marinho-Santo-Andr\u00e9-2-768x512.jpg 768w\" sizes=\"(max-width: 800px) 100vw, 800px\" \/><\/a><\/div>\n<div>\u00a0&#8220;A Escola Estadual em Santo Andr\u00e9 \u00e9 uma conquista de todos n\u00f3s,\u00a0 juntos estamos firmes na busca pelo desenvolvimento&#8221; destacou a prefeita.<\/div>\n<div><\/div>\n<div>Silvana estava acompanhada de vereadores da base e secret\u00e1rios municipais.<\/div>\n<div>\n<p><strong>CARIRI EM A\u00c7\u00c3O<\/strong><\/p>\n<p><em>Com Imparcial\u00a0PB \/Foto: Cariri em A\u00e7\u00e3o\u00a0<\/em><\/p>\n<p><strong>Leia mais not\u00edcias em\u00a0<\/strong><a href=\"http:\/\/www.caririemacao.com\/\"><strong>caririemacao.com<\/strong><\/a><strong>, siga nossa p\u00e1gina no\u00a0<\/strong><a href=\"https:\/\/www.facebook.com\/CaririEmAcao\/?ref=aymt_homepage_panel\"><strong>Facebook<\/strong><\/a>,<strong>\u00a0<\/strong><a href=\"https:\/\/www.instagram.com\/cariri_em_acao\/?hl=pt-br\"><strong>Instagram<\/strong><\/a><strong>\u00a0e <\/strong><a href=\"https:\/\/www.youtube.com\/channel\/UCAptA0jQuYQy8vMhLt2m4qg\"><strong>Youtube<\/strong><\/a><strong>\u00a0e veja nossas mat\u00e9rias, v\u00eddeos e fotos. Voc\u00ea tamb\u00e9m pode enviar informa\u00e7\u00f5es \u00e0 Reda\u00e7\u00e3o do Portal Cariri em A\u00e7\u00e3o pelo WhatsApp (83) 9 9634.5791, (83) 9 9601-1162.<\/strong><\/p>\n<\/div>\n","protected":false},"excerpt":{"rendered":"<p>A Prefeita de Santo Andr\u00e9, Silvana Marinho participou neste s\u00e1bado (10), em Sum\u00e9 da plen\u00e1ria do Or\u00e7amento Democr\u00e1tico Estadual, o Governador Ricardo Coutinho e diversas&hellip; <\/p>\n","protected":false},"author":2,"featured_media":43876,"comment_status":"closed","ping_status":"closed","sticky":false,"template":"","format":"standard","meta":{"sfsi_plus_gutenberg_text_before_share":"","sfsi_plus_gutenberg_show_text_before_share":"","sfsi_plus_gutenberg_icon_type":"","sfsi_plus_gutenberg_icon_alignemt":"","sfsi_plus_gutenburg_max_per_row":"","footnotes":""},"categories":[11],"tags":[],"class_list":["post-43872","post","type-post","status-publish","format-standard","has-post-thumbnail","hentry","category-politica"],"_links":{"self":[{"href":"https:\/\/www.caririemacao.com\/1\/wp-json\/wp\/v2\/posts\/43872","targetHints":{"allow":["GET"]}}],"collection":[{"href":"https:\/\/www.caririemacao.com\/1\/wp-json\/wp\/v2\/posts"}],"about":[{"href":"https:\/\/www.caririemacao.com\/1\/wp-json\/wp\/v2\/types\/post"}],"author":[{"embeddable":true,"href":"https:\/\/www.caririemacao.com\/1\/wp-json\/wp\/v2\/users\/2"}],"replies":[{"embeddable":true,"href":"https:\/\/www.caririemacao.com\/1\/wp-json\/wp\/v2\/comments?post=43872"}],"version-history":[{"count":0,"href":"https:\/\/www.caririemacao.com\/1\/wp-json\/wp\/v2\/posts\/43872\/revisions"}],"wp:featuredmedia":[{"embeddable":true,"href":"https:\/\/www.caririemacao.com\/1\/wp-json\/wp\/v2\/media\/43876"}],"wp:attachment":[{"href":"https:\/\/www.caririemacao.com\/1\/wp-json\/wp\/v2\/media?parent=43872"}],"wp:term":[{"taxonomy":"category","embeddable":true,"href":"https:\/\/www.caririemacao.com\/1\/wp-json\/wp\/v2\/categories?post=43872"},{"taxonomy":"post_tag","embeddable":true,"href":"https:\/\/www.caririemacao.com\/1\/wp-json\/wp\/v2\/tags?post=43872"}],"curies":[{"name":"wp","href":"https:\/\/api.w.org\/{rel}","templated":true}]}}