{"id":43878,"date":"2018-03-12T13:33:17","date_gmt":"2018-03-12T16:33:17","guid":{"rendered":"http:\/\/caririemacao.com\/1\/?p=43878"},"modified":"2018-03-12T13:33:17","modified_gmt":"2018-03-12T16:33:17","slug":"vice-prefeito-de-sume-emite-nota-de-pesar-pelo-falecimento-de-ex-prefeito-de-sume","status":"publish","type":"post","link":"https:\/\/www.caririemacao.com\/1\/2018\/03\/12\/vice-prefeito-de-sume-emite-nota-de-pesar-pelo-falecimento-de-ex-prefeito-de-sume\/","title":{"rendered":"Vice-prefeito de Sum\u00e9 emite Nota de Pesar pelo falecimento de ex-prefeito de Sum\u00e9"},"content":{"rendered":"<p>O vice-prefeito de Sum\u00e9, Deocleciano Barbosa (Dr\u00f3), manifesta sentimentos de pesar pelo falecimento do ex-prefeito do munic\u00edpio, Leonardo Guilherme, ocorrido nesta segunda-feira, dia 12.<\/p>\n<p>Na nota, Dr\u00f3 destacou o papel do senhor Leonardo que desempenhou com muita \u00e9tica e respeito os destinos de Sum\u00e9. Ele foi prefeito entre 1977 \u00e0 1983. Al\u00e9m disso, o ex-prefeito tamb\u00e9m esteve na fun\u00e7\u00e3o de vice-prefeito e secret\u00e1rio Municipal.<\/p>\n<p><strong>Confira a nota enviada pelo vice-prefeito:<\/strong><\/p>\n<p>Neste momento de dor e muita tristeza, o povo de Sum\u00e9 se solidariza aos familiares, amigos e demais cidad\u00e3os enlutados pelo falecimento do ex-prefeito Leonardo.<\/p>\n<p>Com seu esp\u00edrito de homem p\u00fablico, nos deixa sua valorosa contribui\u00e7\u00e3o para nosso munic\u00edpio. Na sua trajet\u00f3ria em busca de ajudar os mais necessitados, conquistou o carinho, a admira\u00e7\u00e3o e o respeito de todos os sumeenses.<\/p>\n<p><strong>CARIRI EM A\u00c7\u00c3O<\/strong><\/p>\n<p><strong>Leia mais not\u00edcias em\u00a0<\/strong><a href=\"http:\/\/www.caririemacao.com\/\"><strong>caririemacao.com<\/strong><\/a><strong>, siga nossa p\u00e1gina no\u00a0<\/strong><a href=\"https:\/\/www.facebook.com\/CaririEmAcao\/?ref=aymt_homepage_panel\"><strong>Facebook<\/strong><\/a>,<strong>\u00a0<\/strong><a href=\"https:\/\/www.instagram.com\/cariri_em_acao\/?hl=pt-br\"><strong>Instagram<\/strong><\/a><strong>\u00a0e\u00a0<\/strong><a href=\"https:\/\/www.youtube.com\/channel\/UCAptA0jQuYQy8vMhLt2m4qg\"><strong>Youtube<\/strong><\/a><strong>\u00a0e veja nossas mat\u00e9rias, v\u00eddeos e fotos. Voc\u00ea tamb\u00e9m pode enviar informa\u00e7\u00f5es \u00e0 Reda\u00e7\u00e3o do Portal Cariri em A\u00e7\u00e3o pelo WhatsApp (83) 9 9634.5791, (83) 9 9601-1162.<\/strong><\/p>\n","protected":false},"excerpt":{"rendered":"<p>O vice-prefeito de Sum\u00e9, Deocleciano Barbosa (Dr\u00f3), manifesta sentimentos de pesar pelo falecimento do ex-prefeito do munic\u00edpio, Leonardo Guilherme, ocorrido nesta segunda-feira, dia 12. Na&hellip; <\/p>\n","protected":false},"author":2,"featured_media":43879,"comment_status":"closed","ping_status":"closed","sticky":false,"template":"","format":"standard","meta":{"sfsi_plus_gutenberg_text_before_share":"","sfsi_plus_gutenberg_show_text_before_share":"","sfsi_plus_gutenberg_icon_type":"","sfsi_plus_gutenberg_icon_alignemt":"","sfsi_plus_gutenburg_max_per_row":"","footnotes":""},"categories":[11],"tags":[],"class_list":["post-43878","post","type-post","status-publish","format-standard","has-post-thumbnail","hentry","category-politica"],"_links":{"self":[{"href":"https:\/\/www.caririemacao.com\/1\/wp-json\/wp\/v2\/posts\/43878","targetHints":{"allow":["GET"]}}],"collection":[{"href":"https:\/\/www.caririemacao.com\/1\/wp-json\/wp\/v2\/posts"}],"about":[{"href":"https:\/\/www.caririemacao.com\/1\/wp-json\/wp\/v2\/types\/post"}],"author":[{"embeddable":true,"href":"https:\/\/www.caririemacao.com\/1\/wp-json\/wp\/v2\/users\/2"}],"replies":[{"embeddable":true,"href":"https:\/\/www.caririemacao.com\/1\/wp-json\/wp\/v2\/comments?post=43878"}],"version-history":[{"count":0,"href":"https:\/\/www.caririemacao.com\/1\/wp-json\/wp\/v2\/posts\/43878\/revisions"}],"wp:featuredmedia":[{"embeddable":true,"href":"https:\/\/www.caririemacao.com\/1\/wp-json\/wp\/v2\/media\/43879"}],"wp:attachment":[{"href":"https:\/\/www.caririemacao.com\/1\/wp-json\/wp\/v2\/media?parent=43878"}],"wp:term":[{"taxonomy":"category","embeddable":true,"href":"https:\/\/www.caririemacao.com\/1\/wp-json\/wp\/v2\/categories?post=43878"},{"taxonomy":"post_tag","embeddable":true,"href":"https:\/\/www.caririemacao.com\/1\/wp-json\/wp\/v2\/tags?post=43878"}],"curies":[{"name":"wp","href":"https:\/\/api.w.org\/{rel}","templated":true}]}}