{"id":43891,"date":"2018-03-12T16:11:32","date_gmt":"2018-03-12T19:11:32","guid":{"rendered":"http:\/\/caririemacao.com\/1\/?p=43891"},"modified":"2018-03-12T16:22:08","modified_gmt":"2018-03-12T19:22:08","slug":"policia-recupera-carga-de-gas-roubada-na-praca-do-meio-do-mundo","status":"publish","type":"post","link":"https:\/\/www.caririemacao.com\/1\/2018\/03\/12\/policia-recupera-carga-de-gas-roubada-na-praca-do-meio-do-mundo\/","title":{"rendered":"Pol\u00edcia recupera carga de g\u00e1s roubada na \u201cPra\u00e7a do Meio do Mundo\u201d"},"content":{"rendered":"<p>A Pol\u00edcia Civil da Para\u00edba, em a\u00e7\u00e3o coordenada pelo Grupo T\u00e1tico Especial da 10\u00aa DSPC, prendeu e atuou em flagrante delito Jos\u00e9 Derlan Gomes Barbosa, suspeito de ser o respons\u00e1vel pelo roubo de uma carga com 500 botij\u00f5es de g\u00e1s de propriedade do empres\u00e1rio de Livramento conhecido Zezinho Ventura.<\/p>\n<p>A carga foi roubada no \u00faltimo s\u00e1bado, 10, e o motorista do caminh\u00e3o chegou a ficar ref\u00e9m dos assaltantes por v\u00e1rias horas e depois liberado em um matagal.<\/p>\n<p>Uma a\u00e7\u00e3o r\u00e1pida da pol\u00edcia, baseada em informa\u00e7\u00f5es colhidas junto a populares, os policiais chegaram \u00e0 Darlan Barbosa, que foi autuado pelo crime de recepta\u00e7\u00e3o dolosa.<\/p>\n<p>De acordo com informa\u00e7\u00f5es da pol\u00edcia, os integrantes da quadrilha respons\u00e1vel pelo assalto j\u00e1 foram identificados e est\u00e3o sendo procurados. As identidades dos assaltantes est\u00e3o mantidas em sigilo par an\u00e3o atrapalhar as investiga\u00e7\u00f5es e o paradeiro.<\/p>\n<p><strong>CARIRI EM A\u00c7\u00c3O<\/strong><\/p>\n<p><em>Com Vitrine do Cariri\/Foto: Reprodu\u00e7\u00e3o google<\/em><\/p>\n<p><strong>Leia mais not\u00edcias em\u00a0<\/strong><a href=\"http:\/\/www.caririemacao.com\/\"><strong>caririemacao.com<\/strong><\/a><strong>, siga nossa p\u00e1gina no\u00a0<\/strong><a href=\"https:\/\/www.facebook.com\/CaririEmAcao\/?ref=aymt_homepage_panel\"><strong>Facebook<\/strong><\/a>,<strong>\u00a0<\/strong><a href=\"https:\/\/www.instagram.com\/cariri_em_acao\/?hl=pt-br\"><strong>Instagram<\/strong><\/a><strong>\u00a0e\u00a0<\/strong><a href=\"https:\/\/www.youtube.com\/channel\/UCAptA0jQuYQy8vMhLt2m4qg\"><strong>Youtube<\/strong><\/a><strong>\u00a0e veja nossas mat\u00e9rias, v\u00eddeos e fotos. Voc\u00ea tamb\u00e9m pode enviar informa\u00e7\u00f5es \u00e0 Reda\u00e7\u00e3o do Portal Cariri em A\u00e7\u00e3o pelo WhatsApp (83) 9 9634.5791, (83) 9 9601-1162.<\/strong><\/p>\n","protected":false},"excerpt":{"rendered":"<p>A Pol\u00edcia Civil da Para\u00edba, em a\u00e7\u00e3o coordenada pelo Grupo T\u00e1tico Especial da 10\u00aa DSPC, prendeu e atuou em flagrante delito Jos\u00e9 Derlan Gomes Barbosa,&hellip; <\/p>\n","protected":false},"author":2,"featured_media":21362,"comment_status":"closed","ping_status":"closed","sticky":false,"template":"","format":"standard","meta":{"sfsi_plus_gutenberg_text_before_share":"","sfsi_plus_gutenberg_show_text_before_share":"","sfsi_plus_gutenberg_icon_type":"","sfsi_plus_gutenberg_icon_alignemt":"","sfsi_plus_gutenburg_max_per_row":"","footnotes":""},"categories":[12],"tags":[],"class_list":["post-43891","post","type-post","status-publish","format-standard","has-post-thumbnail","hentry","category-policia"],"_links":{"self":[{"href":"https:\/\/www.caririemacao.com\/1\/wp-json\/wp\/v2\/posts\/43891","targetHints":{"allow":["GET"]}}],"collection":[{"href":"https:\/\/www.caririemacao.com\/1\/wp-json\/wp\/v2\/posts"}],"about":[{"href":"https:\/\/www.caririemacao.com\/1\/wp-json\/wp\/v2\/types\/post"}],"author":[{"embeddable":true,"href":"https:\/\/www.caririemacao.com\/1\/wp-json\/wp\/v2\/users\/2"}],"replies":[{"embeddable":true,"href":"https:\/\/www.caririemacao.com\/1\/wp-json\/wp\/v2\/comments?post=43891"}],"version-history":[{"count":0,"href":"https:\/\/www.caririemacao.com\/1\/wp-json\/wp\/v2\/posts\/43891\/revisions"}],"wp:featuredmedia":[{"embeddable":true,"href":"https:\/\/www.caririemacao.com\/1\/wp-json\/wp\/v2\/media\/21362"}],"wp:attachment":[{"href":"https:\/\/www.caririemacao.com\/1\/wp-json\/wp\/v2\/media?parent=43891"}],"wp:term":[{"taxonomy":"category","embeddable":true,"href":"https:\/\/www.caririemacao.com\/1\/wp-json\/wp\/v2\/categories?post=43891"},{"taxonomy":"post_tag","embeddable":true,"href":"https:\/\/www.caririemacao.com\/1\/wp-json\/wp\/v2\/tags?post=43891"}],"curies":[{"name":"wp","href":"https:\/\/api.w.org\/{rel}","templated":true}]}}