{"id":43898,"date":"2018-03-12T16:13:08","date_gmt":"2018-03-12T19:13:08","guid":{"rendered":"http:\/\/caririemacao.com\/1\/?p=43898"},"modified":"2018-03-12T16:13:08","modified_gmt":"2018-03-12T19:13:08","slug":"dr-neto-emite-nota-de-pesar-e-diz-que-sume-perde-um-grande-homem","status":"publish","type":"post","link":"https:\/\/www.caririemacao.com\/1\/2018\/03\/12\/dr-neto-emite-nota-de-pesar-e-diz-que-sume-perde-um-grande-homem\/","title":{"rendered":"Dr. Neto emite Nota de Pesar e diz que Sum\u00e9 perde um grande homem"},"content":{"rendered":"<p>O m\u00e9dico e ex-prefeito de Sum\u00e9, Dr. Neto, vem de p\u00fablico manifestar seu voto de pesar pelo falecimento do ex-prefeito do munic\u00edpio de Sum\u00e9, Leonardo Guilherme.<\/p>\n<p>Na nota, o ex-prefeito, Dr. Neto, se solidariza com os familiares e amigos e estima que os mesmos sejam confortados neste momento de dor.<\/p>\n<p><strong>Confira a nota do ex-prefeito:<\/strong><\/p>\n<p><em>Irmanado com o sentimento da fam\u00edlia enlutada e de todo o povo sumeense, venho de p\u00fablico manifestar o mais profundo pesar pelo falecimento do amigo e ex-prefeito do munic\u00edpio,\u00a0Leonardo Guilherme, ocorrido nesta segunda-feira, dia 12.<\/em><\/p>\n<p><em>Sum\u00e9 perde um homem \u00edntegro, de car\u00e1ter ilibado, deixando uma lacuna n\u00e3o s\u00f3 na pol\u00edtica, mas em especial nos cora\u00e7\u00f5es daqueles que tiveram o privil\u00e9gio de sua conviv\u00eancia.<\/em><\/p>\n<p><em>Rogamos a Deus o conforto necess\u00e1rio aos seus familiares enlutados, em especial aos seus filhos e netos.<\/em><\/p>\n<p><strong><em>Francisco Duarte da Silva Neto<\/em><\/strong><\/p>\n<p><strong>CARIRI EM A\u00c7\u00c3O<\/strong><\/p>\n<p><strong>Leia mais not\u00edcias em\u00a0<\/strong><a href=\"http:\/\/www.caririemacao.com\/\"><strong>caririemacao.com<\/strong><\/a><strong>, siga nossa p\u00e1gina no\u00a0<\/strong><a href=\"https:\/\/www.facebook.com\/CaririEmAcao\/?ref=aymt_homepage_panel\"><strong>Facebook<\/strong><\/a>,<strong>\u00a0<\/strong><a href=\"https:\/\/www.instagram.com\/cariri_em_acao\/?hl=pt-br\"><strong>Instagram<\/strong><\/a><strong>\u00a0e\u00a0<\/strong><a href=\"https:\/\/www.youtube.com\/channel\/UCAptA0jQuYQy8vMhLt2m4qg\"><strong>Youtube<\/strong><\/a><strong>\u00a0e veja nossas mat\u00e9rias, v\u00eddeos e fotos. Voc\u00ea tamb\u00e9m pode enviar informa\u00e7\u00f5es \u00e0 Reda\u00e7\u00e3o do Portal Cariri em A\u00e7\u00e3o pelo WhatsApp (83) 9 9634.5791, (83) 9 9601-1162.<\/strong><\/p>\n","protected":false},"excerpt":{"rendered":"<p>O m\u00e9dico e ex-prefeito de Sum\u00e9, Dr. Neto, vem de p\u00fablico manifestar seu voto de pesar pelo falecimento do ex-prefeito do munic\u00edpio de Sum\u00e9, Leonardo&hellip; <\/p>\n","protected":false},"author":2,"featured_media":43886,"comment_status":"closed","ping_status":"closed","sticky":false,"template":"","format":"standard","meta":{"sfsi_plus_gutenberg_text_before_share":"","sfsi_plus_gutenberg_show_text_before_share":"","sfsi_plus_gutenberg_icon_type":"","sfsi_plus_gutenberg_icon_alignemt":"","sfsi_plus_gutenburg_max_per_row":"","footnotes":""},"categories":[11],"tags":[],"class_list":["post-43898","post","type-post","status-publish","format-standard","has-post-thumbnail","hentry","category-politica"],"_links":{"self":[{"href":"https:\/\/www.caririemacao.com\/1\/wp-json\/wp\/v2\/posts\/43898","targetHints":{"allow":["GET"]}}],"collection":[{"href":"https:\/\/www.caririemacao.com\/1\/wp-json\/wp\/v2\/posts"}],"about":[{"href":"https:\/\/www.caririemacao.com\/1\/wp-json\/wp\/v2\/types\/post"}],"author":[{"embeddable":true,"href":"https:\/\/www.caririemacao.com\/1\/wp-json\/wp\/v2\/users\/2"}],"replies":[{"embeddable":true,"href":"https:\/\/www.caririemacao.com\/1\/wp-json\/wp\/v2\/comments?post=43898"}],"version-history":[{"count":0,"href":"https:\/\/www.caririemacao.com\/1\/wp-json\/wp\/v2\/posts\/43898\/revisions"}],"wp:featuredmedia":[{"embeddable":true,"href":"https:\/\/www.caririemacao.com\/1\/wp-json\/wp\/v2\/media\/43886"}],"wp:attachment":[{"href":"https:\/\/www.caririemacao.com\/1\/wp-json\/wp\/v2\/media?parent=43898"}],"wp:term":[{"taxonomy":"category","embeddable":true,"href":"https:\/\/www.caririemacao.com\/1\/wp-json\/wp\/v2\/categories?post=43898"},{"taxonomy":"post_tag","embeddable":true,"href":"https:\/\/www.caririemacao.com\/1\/wp-json\/wp\/v2\/tags?post=43898"}],"curies":[{"name":"wp","href":"https:\/\/api.w.org\/{rel}","templated":true}]}}