{"id":43902,"date":"2018-03-12T16:26:19","date_gmt":"2018-03-12T19:26:19","guid":{"rendered":"http:\/\/caririemacao.com\/1\/?p=43902"},"modified":"2018-03-12T16:26:19","modified_gmt":"2018-03-12T19:26:19","slug":"marginais-roubam-e-promovem-vandalismo-em-mais-uma-escola-municipal-da-cidade-de-patos","status":"publish","type":"post","link":"https:\/\/www.caririemacao.com\/1\/2018\/03\/12\/marginais-roubam-e-promovem-vandalismo-em-mais-uma-escola-municipal-da-cidade-de-patos\/","title":{"rendered":"Marginais roubam e promovem vandalismo em mais uma escola municipal da cidade de Patos"},"content":{"rendered":"<p>Mais um arrombamento \u00e0 escola municipal foi registrado na cidade de Patos na manh\u00e3 desta segunda-feira, 12. Desta vez o crime ocorreu na escola CIEP I, localizada no bairro Liberdade, vizinho \u00e0 igreja do Morro.<\/p>\n<p>De acordo com a secret\u00e1ria de educa\u00e7\u00e3o Maria Francineide de Souto, que compareceu \u00e0 referida escola para conferir tudo in loco, os marginais foram muito violentos, pois al\u00e9m de roubarem v\u00e1rios objetos importantes da escola, ainda quebraram muita coisa.<\/p>\n<p>Francineide ainda lamentou que al\u00e9m do estrago causado, os alunos ainda tiveram que ficar sem aula no dia de hoje para que a escola possa organizar tudo o que foi danificado pelos ladr\u00f5es.<\/p>\n<p>O coordenador da guarda civil, Rafael Gomes, ap\u00f3s a identifica\u00e7\u00e3o da natureza da a\u00e7\u00e3o, disse que o caso ser\u00e1 entregue \u00e0 pol\u00edcia civil para o procedimento investigativo, com o apoio da guarda municipal.<\/p>\n<p>E pontuou:<\/p>\n<p>&#8211; Tem sido uma constante a ocorr\u00eancia desses arrombamentos. Acredito que deve haver um refor\u00e7o na vigil\u00e2ncia desses locais para que possamos trabalhar com mais tranquilidade e dar mais tranquilidade aos funcion\u00e1rios e zelar pelos pr\u00e9dios p\u00fablicos.<\/p>\n<p><strong>CARIRI EM A\u00c7\u00c3O<\/strong><\/p>\n<p><em>Com Blog do Jordan Bezerra\/Foto:\u00a0Blog do Jordan Bezerra<\/em><\/p>\n<p><strong>Leia mais not\u00edcias em\u00a0<\/strong><a href=\"http:\/\/www.caririemacao.com\/\"><strong>caririemacao.com<\/strong><\/a><strong>, siga nossa p\u00e1gina no\u00a0<\/strong><a href=\"https:\/\/www.facebook.com\/CaririEmAcao\/?ref=aymt_homepage_panel\"><strong>Facebook<\/strong><\/a>,<strong>\u00a0<\/strong><a href=\"https:\/\/www.instagram.com\/cariri_em_acao\/?hl=pt-br\"><strong>Instagram<\/strong><\/a><strong>\u00a0e\u00a0<\/strong><a href=\"https:\/\/www.youtube.com\/channel\/UCAptA0jQuYQy8vMhLt2m4qg\"><strong>Youtube<\/strong><\/a><strong>\u00a0e veja nossas mat\u00e9rias, v\u00eddeos e fotos. Voc\u00ea tamb\u00e9m pode enviar informa\u00e7\u00f5es \u00e0 Reda\u00e7\u00e3o do Portal Cariri em A\u00e7\u00e3o pelo WhatsApp (83) 9 9634.5791, (83) 9 9601-1162.<\/strong><\/p>\n","protected":false},"excerpt":{"rendered":"<p>Mais um arrombamento \u00e0 escola municipal foi registrado na cidade de Patos na manh\u00e3 desta segunda-feira, 12. Desta vez o crime ocorreu na escola CIEP&hellip; <\/p>\n","protected":false},"author":2,"featured_media":43903,"comment_status":"closed","ping_status":"closed","sticky":false,"template":"","format":"standard","meta":{"sfsi_plus_gutenberg_text_before_share":"","sfsi_plus_gutenberg_show_text_before_share":"","sfsi_plus_gutenberg_icon_type":"","sfsi_plus_gutenberg_icon_alignemt":"","sfsi_plus_gutenburg_max_per_row":"","footnotes":""},"categories":[12],"tags":[],"class_list":["post-43902","post","type-post","status-publish","format-standard","has-post-thumbnail","hentry","category-policia"],"_links":{"self":[{"href":"https:\/\/www.caririemacao.com\/1\/wp-json\/wp\/v2\/posts\/43902","targetHints":{"allow":["GET"]}}],"collection":[{"href":"https:\/\/www.caririemacao.com\/1\/wp-json\/wp\/v2\/posts"}],"about":[{"href":"https:\/\/www.caririemacao.com\/1\/wp-json\/wp\/v2\/types\/post"}],"author":[{"embeddable":true,"href":"https:\/\/www.caririemacao.com\/1\/wp-json\/wp\/v2\/users\/2"}],"replies":[{"embeddable":true,"href":"https:\/\/www.caririemacao.com\/1\/wp-json\/wp\/v2\/comments?post=43902"}],"version-history":[{"count":0,"href":"https:\/\/www.caririemacao.com\/1\/wp-json\/wp\/v2\/posts\/43902\/revisions"}],"wp:featuredmedia":[{"embeddable":true,"href":"https:\/\/www.caririemacao.com\/1\/wp-json\/wp\/v2\/media\/43903"}],"wp:attachment":[{"href":"https:\/\/www.caririemacao.com\/1\/wp-json\/wp\/v2\/media?parent=43902"}],"wp:term":[{"taxonomy":"category","embeddable":true,"href":"https:\/\/www.caririemacao.com\/1\/wp-json\/wp\/v2\/categories?post=43902"},{"taxonomy":"post_tag","embeddable":true,"href":"https:\/\/www.caririemacao.com\/1\/wp-json\/wp\/v2\/tags?post=43902"}],"curies":[{"name":"wp","href":"https:\/\/api.w.org\/{rel}","templated":true}]}}