{"id":43905,"date":"2018-03-12T16:51:54","date_gmt":"2018-03-12T19:51:54","guid":{"rendered":"http:\/\/caririemacao.com\/1\/?p=43905"},"modified":"2018-03-12T16:51:54","modified_gmt":"2018-03-12T19:51:54","slug":"prefeito-de-gurjao-ronaldo-queiroz-participa-de-audiencia-do-orcamento-democratico-estadual","status":"publish","type":"post","link":"https:\/\/www.caririemacao.com\/1\/2018\/03\/12\/prefeito-de-gurjao-ronaldo-queiroz-participa-de-audiencia-do-orcamento-democratico-estadual\/","title":{"rendered":"Prefeito de Gurj\u00e3o Ronaldo Queiroz participa de audi\u00eancia do Or\u00e7amento Democr\u00e1tico Estadual"},"content":{"rendered":"<p class=\"m_-7041422381007191203x_MsoNormal\">O Prefeito de Gurj\u00e3o Ronaldo Queiroz , participou\u00a0\u00a0no \u00faltimo s\u00e1bado (10) da plen\u00e1ria do Or\u00e7amento Democr\u00e1tico Estadual (ODE) que aconteceu em Sum\u00e9 -PB. Para o prefeito Ronaldo\u00a0\u00a0o Or\u00e7amento Democr\u00e1tico Estadual \u00e9 um instrumento que visa \u00e0 participa\u00e7\u00e3o de cidad\u00e3os e cidad\u00e3s de todos os munic\u00edpios da regi\u00e3o nas decis\u00f5es do governo, sobre a melhor forma de aplica\u00e7\u00e3o do dinheiro p\u00fablico em suas obras e servi\u00e7os. O evento foi muito proveitoso, pois Ronaldo agradeceu aos investimentos que est\u00e3o sendo feito pelo governo do estado.<\/p>\n<p class=\"m_-7041422381007191203x_MsoNormal\">\u00a0Esse \u00e9 o caminho da democracia participativa, o caminho que prioriza a participa\u00e7\u00e3o popular. Parabenizo ao Governador Ricardo Coutinho por este ato democr\u00e1tico e parabenizo ao nosso conselheiro Djalma.<\/p>\n<p class=\"m_-7041422381007191203x_MsoNormal\">A popula\u00e7\u00e3o presente \u00e0 plen\u00e1ria elegeu como prioridade de investimentos para o pr\u00f3ximo ano.<\/p>\n<div class=\"yj6qo\">\u00a0<strong>CARIRI EM A\u00c7\u00c3O<\/strong><em>Com Ascom \/Foto: Reprodu\u00e7\u00e3o<\/em><\/p>\n<p><strong>Leia mais not\u00edcias em\u00a0<\/strong><a href=\"http:\/\/www.caririemacao.com\/\"><strong>caririemacao.com<\/strong><\/a><strong>, siga nossa p\u00e1gina no\u00a0<\/strong><a href=\"https:\/\/www.facebook.com\/CaririEmAcao\/?ref=aymt_homepage_panel\"><strong>Facebook<\/strong><\/a>,<strong>\u00a0<\/strong><a href=\"https:\/\/www.instagram.com\/cariri_em_acao\/?hl=pt-br\"><strong>Instagram<\/strong><\/a><strong>\u00a0e <\/strong><a href=\"https:\/\/www.youtube.com\/channel\/UCAptA0jQuYQy8vMhLt2m4qg\"><strong>Youtube<\/strong><\/a><strong>\u00a0e veja nossas mat\u00e9rias, v\u00eddeos e fotos. Voc\u00ea tamb\u00e9m pode enviar informa\u00e7\u00f5es \u00e0 Reda\u00e7\u00e3o do Portal Cariri em A\u00e7\u00e3o pelo WhatsApp (83) 9 9634.5791, (83) 9 9601-1162.<\/strong><\/p>\n<\/div>\n","protected":false},"excerpt":{"rendered":"<p>O Prefeito de Gurj\u00e3o Ronaldo Queiroz , participou\u00a0\u00a0no \u00faltimo s\u00e1bado (10) da plen\u00e1ria do Or\u00e7amento Democr\u00e1tico Estadual (ODE) que aconteceu em Sum\u00e9 -PB. Para o&hellip; <\/p>\n","protected":false},"author":2,"featured_media":43908,"comment_status":"closed","ping_status":"closed","sticky":false,"template":"","format":"standard","meta":{"sfsi_plus_gutenberg_text_before_share":"","sfsi_plus_gutenberg_show_text_before_share":"","sfsi_plus_gutenberg_icon_type":"","sfsi_plus_gutenberg_icon_alignemt":"","sfsi_plus_gutenburg_max_per_row":"","footnotes":""},"categories":[2],"tags":[],"class_list":["post-43905","post","type-post","status-publish","format-standard","has-post-thumbnail","hentry","category-geral"],"_links":{"self":[{"href":"https:\/\/www.caririemacao.com\/1\/wp-json\/wp\/v2\/posts\/43905","targetHints":{"allow":["GET"]}}],"collection":[{"href":"https:\/\/www.caririemacao.com\/1\/wp-json\/wp\/v2\/posts"}],"about":[{"href":"https:\/\/www.caririemacao.com\/1\/wp-json\/wp\/v2\/types\/post"}],"author":[{"embeddable":true,"href":"https:\/\/www.caririemacao.com\/1\/wp-json\/wp\/v2\/users\/2"}],"replies":[{"embeddable":true,"href":"https:\/\/www.caririemacao.com\/1\/wp-json\/wp\/v2\/comments?post=43905"}],"version-history":[{"count":0,"href":"https:\/\/www.caririemacao.com\/1\/wp-json\/wp\/v2\/posts\/43905\/revisions"}],"wp:featuredmedia":[{"embeddable":true,"href":"https:\/\/www.caririemacao.com\/1\/wp-json\/wp\/v2\/media\/43908"}],"wp:attachment":[{"href":"https:\/\/www.caririemacao.com\/1\/wp-json\/wp\/v2\/media?parent=43905"}],"wp:term":[{"taxonomy":"category","embeddable":true,"href":"https:\/\/www.caririemacao.com\/1\/wp-json\/wp\/v2\/categories?post=43905"},{"taxonomy":"post_tag","embeddable":true,"href":"https:\/\/www.caririemacao.com\/1\/wp-json\/wp\/v2\/tags?post=43905"}],"curies":[{"name":"wp","href":"https:\/\/api.w.org\/{rel}","templated":true}]}}