{"id":43910,"date":"2018-03-11T17:23:33","date_gmt":"2018-03-11T20:23:33","guid":{"rendered":"http:\/\/caririemacao.com\/1\/?p=43910"},"modified":"2018-03-13T10:09:49","modified_gmt":"2018-03-13T13:09:49","slug":"procase-e-prefeitura-de-sume-entregam-mais-equipamentos-e-obras-no-assentamento-mandacaru","status":"publish","type":"post","link":"https:\/\/www.caririemacao.com\/1\/2018\/03\/11\/procase-e-prefeitura-de-sume-entregam-mais-equipamentos-e-obras-no-assentamento-mandacaru\/","title":{"rendered":"Procase e Prefeitura de Sum\u00e9 entregam mais equipamentos e obras no Assentamento Mandacaru"},"content":{"rendered":"<p>O Governo do Estado da Para\u00edba, atrav\u00e9s do Projeto de Desenvolvimento Sustent\u00e1vel do Cariri (Procase), realizou nesta sexta-feira (9) mais uma entrega de a\u00e7\u00f5es, equipamentos e obras no Assentamento Mandacaru, desta vez a organiza\u00e7\u00e3o social beneficiada foi a Associa\u00e7\u00e3o dos Assentados do Assentamento Mandacaru.<\/p>\n<p>Os assentados benefici\u00e1rios receberam matrizes de animais caprinos de alta performasse produtiva para melhoria gen\u00e9tica do rebanho local, uma barragem subterr\u00e2nea com kit de irriga\u00e7\u00e3o e dez mil raquetes de palma pelo plano emergencial que dever\u00e3o ser compartilhadas entre os associados.<\/p>\n<p>Objetivando incentivar a produ\u00e7\u00e3o e o armazenamento de forragem, os associados receberam tamb\u00e9m uma caixa d\u2019\u00e1gua de fibra de vidro de cinco mil litros, uma bomba submersa, uma enfardadeira, uma ensiladeira acopl\u00e1vel ao trator, um silo tipo cincho e uma ro\u00e7adeira costal motorizada. Esses equipamentos integram o projeto produtivo apoiado pelo Procase.<\/p>\n<p>No Assentamento Mandacaru foram investidos cerca de R$ 81 mil na Associa\u00e7\u00e3o Alvorada Rural do Assentamento e cerca de R$ 85 mil na Associa\u00e7\u00e3o dos Assentados do Assentamento, totalizando um investimento de R$ 166 mil na comunidade.<\/p>\n<p>A mobilizadora social do Procase, Joseane Bezerra (J\u00f3ia), enfatiza que a forma\u00e7\u00e3o da parceria com a Prefeitura de Sum\u00e9 \u00e9 fundamental para agilizar as a\u00e7\u00f5es e execu\u00e7\u00e3o do projeto produtivo, como por exemplo, na implanta\u00e7\u00e3o dos campos de produ\u00e7\u00e3o de forragem para produ\u00e7\u00e3o de 10 mil raquetes de palma que contou com a disponibiliza\u00e7\u00e3o satisfat\u00f3ria da patrulha agr\u00edcola mecanizada.<\/p>\n<p>A Prefeitura de Sum\u00e9 tamb\u00e9m contribuiu com a organiza\u00e7\u00e3o e regulariza\u00e7\u00e3o institucional das associa\u00e7\u00f5es beneficiadas. \u201cO prefeito \u00c9den Duarte \u00e9 um gestor participativo que busca a todo instante o fortalecimento e desenvolvimento de novas parcerias que beneficiem toda comunidade sumeense\u201d, disse Joseane.<\/p>\n<p>Durante a entrega dos equipamentos desta sexta-feira, o t\u00e9cnico em agropecu\u00e1ria da Prefeitura de Sum\u00e9, Fontenele Santa Cruz, enalteceu o trabalho<\/p>\n<p>do PROCASE e do Governo da Para\u00edba no sentido de promover o desenvolvimento rural sustent\u00e1vel nas regi\u00f5es atendidas pelo programa.<\/p>\n<p><strong>CARIRI EM A\u00c7\u00c3O<\/strong><\/p>\n<p><em>Com Ascom PMS \/Foto: Reprodu\u00e7\u00e3o Internet<\/em><\/p>\n<p><strong>Leia mais not\u00edcias em\u00a0<\/strong><a href=\"http:\/\/www.caririemacao.com\/\"><strong>caririemacao.com<\/strong><\/a><strong>, siga nossa p\u00e1gina no\u00a0<\/strong><a href=\"https:\/\/www.facebook.com\/CaririEmAcao\/?ref=aymt_homepage_panel\"><strong>Facebook<\/strong><\/a>,<strong>\u00a0<\/strong><a href=\"https:\/\/www.instagram.com\/cariri_em_acao\/?hl=pt-br\"><strong>Instagram<\/strong><\/a><strong>\u00a0e <\/strong><a href=\"https:\/\/www.youtube.com\/channel\/UCAptA0jQuYQy8vMhLt2m4qg\"><strong>Youtube<\/strong><\/a><strong>\u00a0e veja nossas mat\u00e9rias, v\u00eddeos e fotos. Voc\u00ea tamb\u00e9m pode enviar informa\u00e7\u00f5es \u00e0 Reda\u00e7\u00e3o do Portal Cariri em A\u00e7\u00e3o pelo WhatsApp (83) 9 9634.5791, (83) 9 9601-1162.<\/strong><\/p>\n","protected":false},"excerpt":{"rendered":"<p>O Governo do Estado da Para\u00edba, atrav\u00e9s do Projeto de Desenvolvimento Sustent\u00e1vel do Cariri (Procase), realizou nesta sexta-feira (9) mais uma entrega de a\u00e7\u00f5es, equipamentos&hellip; <\/p>\n","protected":false},"author":2,"featured_media":43911,"comment_status":"closed","ping_status":"closed","sticky":false,"template":"","format":"standard","meta":{"sfsi_plus_gutenberg_text_before_share":"","sfsi_plus_gutenberg_show_text_before_share":"","sfsi_plus_gutenberg_icon_type":"","sfsi_plus_gutenberg_icon_alignemt":"","sfsi_plus_gutenburg_max_per_row":"","footnotes":""},"categories":[6],"tags":[],"class_list":["post-43910","post","type-post","status-publish","format-standard","has-post-thumbnail","hentry","category-cidades"],"_links":{"self":[{"href":"https:\/\/www.caririemacao.com\/1\/wp-json\/wp\/v2\/posts\/43910","targetHints":{"allow":["GET"]}}],"collection":[{"href":"https:\/\/www.caririemacao.com\/1\/wp-json\/wp\/v2\/posts"}],"about":[{"href":"https:\/\/www.caririemacao.com\/1\/wp-json\/wp\/v2\/types\/post"}],"author":[{"embeddable":true,"href":"https:\/\/www.caririemacao.com\/1\/wp-json\/wp\/v2\/users\/2"}],"replies":[{"embeddable":true,"href":"https:\/\/www.caririemacao.com\/1\/wp-json\/wp\/v2\/comments?post=43910"}],"version-history":[{"count":0,"href":"https:\/\/www.caririemacao.com\/1\/wp-json\/wp\/v2\/posts\/43910\/revisions"}],"wp:featuredmedia":[{"embeddable":true,"href":"https:\/\/www.caririemacao.com\/1\/wp-json\/wp\/v2\/media\/43911"}],"wp:attachment":[{"href":"https:\/\/www.caririemacao.com\/1\/wp-json\/wp\/v2\/media?parent=43910"}],"wp:term":[{"taxonomy":"category","embeddable":true,"href":"https:\/\/www.caririemacao.com\/1\/wp-json\/wp\/v2\/categories?post=43910"},{"taxonomy":"post_tag","embeddable":true,"href":"https:\/\/www.caririemacao.com\/1\/wp-json\/wp\/v2\/tags?post=43910"}],"curies":[{"name":"wp","href":"https:\/\/api.w.org\/{rel}","templated":true}]}}