{"id":43920,"date":"2018-03-12T17:54:40","date_gmt":"2018-03-12T20:54:40","guid":{"rendered":"http:\/\/caririemacao.com\/1\/?p=43920"},"modified":"2018-03-12T17:54:40","modified_gmt":"2018-03-12T20:54:40","slug":"tite-convoca-25-jogadores-para-amistosos-contra-russia-e-alemanha","status":"publish","type":"post","link":"https:\/\/www.caririemacao.com\/1\/2018\/03\/12\/tite-convoca-25-jogadores-para-amistosos-contra-russia-e-alemanha\/","title":{"rendered":"Tite convoca 25 jogadores para amistosos contra R\u00fassia e Alemanha"},"content":{"rendered":"<p>O t\u00e9cnico da sele\u00e7\u00e3o brasileira de futebol, Tite, anunciou hoje (12) a lista de jogadores convocados para os dois amistosos neste m\u00eas de mar\u00e7o, contra R\u00fassia e Alemanha. Dos convocados, 22 jogam no exterior (sendo 21 na Europa) e apenas tr\u00eas no futebol brasileiro (todos defensores).<\/p>\n<p>Os clubes com maior n\u00famero de jogadores listados s\u00e3o o Paris Saint-Germain (PSG) e o Manchester City, com tr\u00eas cada um. Os goleiros convocados s\u00e3o Alisson (Roma), Ederson (Manchester City) e Neto (Val\u00eancia).<\/p>\n<p>Os defensores, ou seja, zagueiros e laterais, s\u00e3o: Daniel Alves (PSG), Geromel (Gr\u00eamio), Filipe Lu\u00eds (Atl\u00e9tico de Madrid), Marcelo (Real Madrid), Marquinhos (PSG), Miranda (Inter de Mil\u00e3o), Fagner (Corinthians), Rodrigo Caio (S\u00e3o Paulo) e Thiago Silva (PSG)<\/p>\n<p>Para o meio-campo foram convocados Casemiro (Real Madrid), Fernandinho (Manchester City), Fred (Shakhtar Donetsk), Paulinho (Barcelona), Philippe Coutinho (Barcelona), Renato Augusto (Beijing Guoan), Talisca (Besiktas) e Willian (Chelsea).<\/p>\n<p>J\u00e1 os atacantes s\u00e3o Douglas Costa (Juventus), Firmino (Liverpool), Gabriel Jesus (Manchester City), Taison (Shakhtar Donetsk) e Willian Jos\u00e9 (Real Sociedad).<\/p>\n<p>O atacante Neymar n\u00e3o foi convocado porque ainda est\u00e1 se recuperando de uma cirurgia que fez no p\u00e9, no \u00faltimo dia 3.<\/p>\n<p>O Brasil enfrentar\u00e1 os russos em Moscou, no dia 23 de mar\u00e7o, e os alem\u00e3es em Berlim, no dia 27. Esta \u00e9 a pen\u00faltima convoca\u00e7\u00e3o antes da Copa do Mundo de 2018. A lista final de convocados para a Copa da R\u00fassia dever\u00e1 ser divulgada no in\u00edcio de maio.<\/p>\n<p><strong>CARIRI EM A\u00c7\u00c3O<\/strong><\/p>\n<p><em>Com Ag\u00eancia Brasil<\/em><em>\/Foto: Reprodu\u00e7\u00e3o Internet<\/em><\/p>\n<p><strong>Leia mais not\u00edcias em\u00a0<\/strong><a href=\"http:\/\/www.caririemacao.com\/\"><strong>caririemacao.com<\/strong><\/a><strong>, siga nossa p\u00e1gina no\u00a0<\/strong><a href=\"https:\/\/www.facebook.com\/CaririEmAcao\/?ref=aymt_homepage_panel\"><strong>Facebook<\/strong><\/a>,<strong>\u00a0<\/strong><a href=\"https:\/\/www.instagram.com\/cariri_em_acao\/?hl=pt-br\"><strong>Instagram<\/strong><\/a><strong>\u00a0e <\/strong><a href=\"https:\/\/www.youtube.com\/channel\/UCAptA0jQuYQy8vMhLt2m4qg\"><strong>Youtube<\/strong><\/a><strong>\u00a0e veja nossas mat\u00e9rias, v\u00eddeos e fotos. Voc\u00ea tamb\u00e9m pode enviar informa\u00e7\u00f5es \u00e0 Reda\u00e7\u00e3o do Portal Cariri em A\u00e7\u00e3o pelo WhatsApp (83) 9 9634.5791, (83) 9 9601-1162.<\/strong><\/p>\n","protected":false},"excerpt":{"rendered":"<p>O t\u00e9cnico da sele\u00e7\u00e3o brasileira de futebol, Tite, anunciou hoje (12) a lista de jogadores convocados para os dois amistosos neste m\u00eas de mar\u00e7o, contra&hellip; <\/p>\n","protected":false},"author":2,"featured_media":43921,"comment_status":"closed","ping_status":"closed","sticky":false,"template":"","format":"standard","meta":{"sfsi_plus_gutenberg_text_before_share":"","sfsi_plus_gutenberg_show_text_before_share":"","sfsi_plus_gutenberg_icon_type":"","sfsi_plus_gutenberg_icon_alignemt":"","sfsi_plus_gutenburg_max_per_row":"","footnotes":""},"categories":[13],"tags":[],"class_list":["post-43920","post","type-post","status-publish","format-standard","has-post-thumbnail","hentry","category-esportes"],"_links":{"self":[{"href":"https:\/\/www.caririemacao.com\/1\/wp-json\/wp\/v2\/posts\/43920","targetHints":{"allow":["GET"]}}],"collection":[{"href":"https:\/\/www.caririemacao.com\/1\/wp-json\/wp\/v2\/posts"}],"about":[{"href":"https:\/\/www.caririemacao.com\/1\/wp-json\/wp\/v2\/types\/post"}],"author":[{"embeddable":true,"href":"https:\/\/www.caririemacao.com\/1\/wp-json\/wp\/v2\/users\/2"}],"replies":[{"embeddable":true,"href":"https:\/\/www.caririemacao.com\/1\/wp-json\/wp\/v2\/comments?post=43920"}],"version-history":[{"count":0,"href":"https:\/\/www.caririemacao.com\/1\/wp-json\/wp\/v2\/posts\/43920\/revisions"}],"wp:featuredmedia":[{"embeddable":true,"href":"https:\/\/www.caririemacao.com\/1\/wp-json\/wp\/v2\/media\/43921"}],"wp:attachment":[{"href":"https:\/\/www.caririemacao.com\/1\/wp-json\/wp\/v2\/media?parent=43920"}],"wp:term":[{"taxonomy":"category","embeddable":true,"href":"https:\/\/www.caririemacao.com\/1\/wp-json\/wp\/v2\/categories?post=43920"},{"taxonomy":"post_tag","embeddable":true,"href":"https:\/\/www.caririemacao.com\/1\/wp-json\/wp\/v2\/tags?post=43920"}],"curies":[{"name":"wp","href":"https:\/\/api.w.org\/{rel}","templated":true}]}}