{"id":43923,"date":"2018-03-12T18:13:58","date_gmt":"2018-03-12T21:13:58","guid":{"rendered":"http:\/\/caririemacao.com\/1\/?p=43923"},"modified":"2018-03-12T18:15:20","modified_gmt":"2018-03-12T21:15:20","slug":"sus-incorpora-10-novas-praticas-integrativas-e-complementares","status":"publish","type":"post","link":"https:\/\/www.caririemacao.com\/1\/2018\/03\/12\/sus-incorpora-10-novas-praticas-integrativas-e-complementares\/","title":{"rendered":"SUS incorpora 10 novas pr\u00e1ticas integrativas e complementares"},"content":{"rendered":"<p>O Sistema \u00danico de Sa\u00fade (SUS) incorporou hoje (12) 10 novas pr\u00e1ticas de medicina integrativa e complementar. Agora, s\u00e3o 29 os procedimentos terap\u00eauticos baseados em conhecimentos tradicionais oferecidos pelo sistema p\u00fablico de sa\u00fade.<\/p>\n<p>O ato de incorpora\u00e7\u00e3o foi assinado pelo ministro da Sa\u00fade, Ricardo Barros, na abertura do Primeiro Congresso Internacional de Pr\u00e1ticas Integrativas e Complementares e Sa\u00fade P\u00fablica. O encontro \u00e9 promovido pelo Minist\u00e9rio da Sa\u00fade, em conjunto com o terceiro Congresso Internacional de Ayurveda, e vai at\u00e9 quinta-feira (15) no RioCentro, na Barra da Tijuca, na zona oeste do Rio de Janeiro.<\/p>\n<p>Segundo o ministro, agora o Brasil lidera a oferta de modalidades integrativas na sa\u00fade p\u00fablica, com 5 milh\u00f5es de usu\u00e1rios em 9.350 estabelecimentos de 3.173 munic\u00edpios. De acordo com Barros, tais pr\u00e1ticas s\u00e3o investimentos em preven\u00e7\u00e3o de sa\u00fade, para que as pessoas n\u00e3o fiquem doentes, e evitar que os problemas delas se agravem, que sejam internadas e que se operem, o que gera custos para o sistema e tira qualidade de vida do cidad\u00e3o.<\/p>\n<p>&#8220;Somos, agora, o pa\u00eds que oferece o maior n\u00famero de pr\u00e1ticas integrativas dispon\u00edveis na aten\u00e7\u00e3o b\u00e1sica. O SUS financia esse trabalho com a transfer\u00eancia para os munic\u00edpios, e n\u00f3s passamos ent\u00e3o a caminhar um pouco na dire\u00e7\u00e3o do fazer e n\u00e3o cuidar da doen\u00e7a\u201d, disse o ministro.<\/p>\n<p>Ridardo Barros explicou que a incorpora\u00e7\u00e3o das terapias chamadas de alternativas ao SUS baseou-se em evid\u00eancias cient\u00edficas e na tradi\u00e7\u00e3o. \u201cEstamos falando de medicina tradicional: ao longo de mil\u00eanios, essas coisas deram certo. A maioria dos medicamentos \u00e9 baseada no princ\u00edpio ativo dessas plantas. Antes, tomava-se um ch\u00e1 de determinada planta e hoje toma-se um comprimindo de uma subst\u00e2ncia extra\u00edda daquela planta, o que faz exatamente o mesmo efeito.\u201d<\/p>\n<p>Desde 2006, j\u00e1 eram oferecidos pelo SUS os tratamentos de acupuntura, homeopatia, fitoterapia, antroposofia e termalismo. No ano passado, foram inclu\u00eddas 14 pr\u00e1ticas: arteterapia, ayurveda, biodan\u00e7a, dan\u00e7a circular, medita\u00e7\u00e3o, musicoterapia, naturoterapia, osteopatia, quiropraxia, reflexoterapia, reiki, shantala, terapia comunit\u00e1ria integrativa e ioga. Agora, somam-se \u00e0 lista a apiterapia, aromaterapia, bioenerg\u00e9tica, constela\u00e7\u00e3o familiar, cromoterapia, geoterapia, hipnoterapia, imposi\u00e7\u00e3o de m\u00e3os, ozonioterapia e terapia de florais.<\/p>\n<p>O ministro destaca que, no ano passado, foram 1,4 milh\u00e3o de atendimentos individuais. A maioria foi de acupuntura, com 707 mil atendimentos. Depois, vieram medicina tradicional chinesa, com 151 mil sess\u00f5es de tai chi chan e liangong, auriculoteriapia, com 142 mil procedimentos, e ioga, com 35 mil sess\u00f5es.<\/p>\n<p>Segundo Ricardo Barros, o Congresso Internacional de Pr\u00e1ticas Integrativas e Complementares e Sa\u00fade P\u00fablica vai debater formas de ampliar as pr\u00e1ticas de medicina integrais e complementares no SUS e levar as terapias aos munic\u00edpios.<\/p>\n<p>\u201cEste \u00e9 o desafio. Primeiro, estamos consolidando a oferta do servi\u00e7o, permitindo que as estruturas de aten\u00e7\u00e3o b\u00e1sica implantem esses servi\u00e7os e coloquem \u00e0 disposi\u00e7\u00e3o das pessoas. Agora \u00e9 fazer a divulga\u00e7\u00e3o e o engajamento dos cidad\u00e3os na preven\u00e7\u00e3o, que n\u00e3o \u00e9 a nossa cultura. Se voc\u00ea vai \u00e0 China, a cada 50 metros, tem uma casa de massagem. Aqui, a cada 50 metros, tem uma farm\u00e1cia. Essa \u00e9 a mudan\u00e7a que precisa ser alcan\u00e7ada\u201d, afirmou.<\/p>\n<p>Na oportunidade, Barros assinou tamb\u00e9m a incorpora\u00e7\u00e3o no organograma do Minist\u00e9rio da Sa\u00fade da Coordena\u00e7\u00e3o de Pr\u00e1ticas Integrativas e Complementares, cujo titular ser\u00e1 Daniel Amado. O ministro lan\u00e7ou ainda o gloss\u00e1rio tem\u00e1tico e o manual de boas pr\u00e1ticas para as terapias integrativas no SUS.<\/p>\n<p><strong>Opas elogia sistema brasileiro<\/strong><\/p>\n<p>O encontro sobre medicina complementar atraiu cerca de 5 mil pessoas, que se inscreveram em diversos pa\u00edses. Na mesa de abertura, a diretora da Organiza\u00e7\u00e3o Pan-Americana de Sa\u00fade (Opas), Carissa \u00c9tienne, elogiou o sistema de sa\u00fade brasileiro, considerando-o um modelo que \u201ccausa inveja ao mundo\u201d, por ser baseado nos direitos humanos e no acesso de toda a popula\u00e7\u00e3o.<\/p>\n<p>Sobre as terapias integrativas, Carissa ressaltou a necessidade de preservar tais conhecimentos, que s\u00e3o passados de gera\u00e7\u00e3o em gera\u00e7\u00e3o. \u201cDevemos reconhecer as pessoas que fazem com que essas pr\u00e1ticas de sa\u00fade permane\u00e7am vivas e que passem de gera\u00e7\u00e3o para gera\u00e7\u00e3o&#8221;, disse a representante da Opas. Os recursos necess\u00e1rios para garantir uma vida saud\u00e1vel e produtiva existem, acrescentou Carissa. &#8220;\u00c9 nossa responsabilidade descobrir como presentear todos os nossos irm\u00e3os e irm\u00e3s com esse conhecimento.\u201d<\/p>\n<p>Na abertura do congresso, houve apresenta\u00e7\u00f5es de dan\u00e7a indiana e de \u00edndios guaranis.<\/p>\n<p><strong>CARIRI EM A\u00c7\u00c3O<\/strong><\/p>\n<p><em>Com Ag\u00eancia Brasil\/Foto: Reprodu\u00e7\u00e3o Internet<\/em><\/p>\n<p><strong>Leia mais not\u00edcias em\u00a0<\/strong><a href=\"http:\/\/www.caririemacao.com\/\"><strong>caririemacao.com<\/strong><\/a><strong>, siga nossa p\u00e1gina no\u00a0<\/strong><a href=\"https:\/\/www.facebook.com\/CaririEmAcao\/?ref=aymt_homepage_panel\"><strong>Facebook<\/strong><\/a>,<strong>\u00a0<\/strong><a href=\"https:\/\/www.instagram.com\/cariri_em_acao\/?hl=pt-br\"><strong>Instagram<\/strong><\/a><strong>\u00a0e <\/strong><a href=\"https:\/\/www.youtube.com\/channel\/UCAptA0jQuYQy8vMhLt2m4qg\"><strong>Youtube<\/strong><\/a><strong>\u00a0e veja nossas mat\u00e9rias, v\u00eddeos e fotos. Voc\u00ea tamb\u00e9m pode enviar informa\u00e7\u00f5es \u00e0 Reda\u00e7\u00e3o do Portal Cariri em A\u00e7\u00e3o pelo WhatsApp (83) 9 9634.5791, (83) 9 9601-1162.<\/strong><\/p>\n","protected":false},"excerpt":{"rendered":"<p>O Sistema \u00danico de Sa\u00fade (SUS) incorporou hoje (12) 10 novas pr\u00e1ticas de medicina integrativa e complementar. Agora, s\u00e3o 29 os procedimentos terap\u00eauticos baseados em&hellip; <\/p>\n","protected":false},"author":2,"featured_media":43924,"comment_status":"closed","ping_status":"closed","sticky":false,"template":"","format":"standard","meta":{"sfsi_plus_gutenberg_text_before_share":"","sfsi_plus_gutenberg_show_text_before_share":"","sfsi_plus_gutenberg_icon_type":"","sfsi_plus_gutenberg_icon_alignemt":"","sfsi_plus_gutenburg_max_per_row":"","footnotes":""},"categories":[16],"tags":[],"class_list":["post-43923","post","type-post","status-publish","format-standard","has-post-thumbnail","hentry","category-saude"],"_links":{"self":[{"href":"https:\/\/www.caririemacao.com\/1\/wp-json\/wp\/v2\/posts\/43923","targetHints":{"allow":["GET"]}}],"collection":[{"href":"https:\/\/www.caririemacao.com\/1\/wp-json\/wp\/v2\/posts"}],"about":[{"href":"https:\/\/www.caririemacao.com\/1\/wp-json\/wp\/v2\/types\/post"}],"author":[{"embeddable":true,"href":"https:\/\/www.caririemacao.com\/1\/wp-json\/wp\/v2\/users\/2"}],"replies":[{"embeddable":true,"href":"https:\/\/www.caririemacao.com\/1\/wp-json\/wp\/v2\/comments?post=43923"}],"version-history":[{"count":0,"href":"https:\/\/www.caririemacao.com\/1\/wp-json\/wp\/v2\/posts\/43923\/revisions"}],"wp:featuredmedia":[{"embeddable":true,"href":"https:\/\/www.caririemacao.com\/1\/wp-json\/wp\/v2\/media\/43924"}],"wp:attachment":[{"href":"https:\/\/www.caririemacao.com\/1\/wp-json\/wp\/v2\/media?parent=43923"}],"wp:term":[{"taxonomy":"category","embeddable":true,"href":"https:\/\/www.caririemacao.com\/1\/wp-json\/wp\/v2\/categories?post=43923"},{"taxonomy":"post_tag","embeddable":true,"href":"https:\/\/www.caririemacao.com\/1\/wp-json\/wp\/v2\/tags?post=43923"}],"curies":[{"name":"wp","href":"https:\/\/api.w.org\/{rel}","templated":true}]}}