{"id":43929,"date":"2018-03-12T22:14:59","date_gmt":"2018-03-13T01:14:59","guid":{"rendered":"http:\/\/caririemacao.com\/1\/?p=43929"},"modified":"2018-03-12T22:14:59","modified_gmt":"2018-03-13T01:14:59","slug":"prefeito-de-amparo-emite-nota-de-pesar-pelo-falecimento-do-ex-prefeito-de-sume","status":"publish","type":"post","link":"https:\/\/www.caririemacao.com\/1\/2018\/03\/12\/prefeito-de-amparo-emite-nota-de-pesar-pelo-falecimento-do-ex-prefeito-de-sume\/","title":{"rendered":"Prefeito de Amparo emite nota de pesar pelo falecimento do ex-prefeito de Sum\u00e9"},"content":{"rendered":"<p>O prefeito de Amparo, In\u00e1cio N\u00f3brega, emitiu nota de profundo pesar pelo falecimento do ex-prefeito de Sum\u00e9, Leonardo Guilherme.<\/p>\n<p>In\u00e1cio disse que foi com muito pesar que recebeu, logo cedo, a not\u00edcia do falecimento de seu Leonardo. \u201cNeste momento de tristeza que externo minha solidariedade \u00e0 fam\u00edlia. O munic\u00edpio deve se orgulhar da hist\u00f3ria que ele construiu ao longo de vida\u201d.<\/p>\n<p>\u201c\u00c9 com profundo pesar que a Prefeitura Municipal de Amparo, em nome do prefeito In\u00e1cio, se solidariza com os familiares e amigos e estima que os mesmos sejam confortados neste momento de dor\u201d, se solidarizou o prefeito.<\/p>\n<p><strong>CARIRI EM A\u00c7\u00c3O<\/strong><\/p>\n<p>Leia mais not\u00edcias em\u00a0<a href=\"http:\/\/www.caririemacao.com\/\">caririemacao.com<\/a>, siga nossa p\u00e1gina no\u00a0<a href=\"https:\/\/www.facebook.com\/CaririEmAcao\/?ref=aymt_homepage_panel\">Facebook<\/a>,\u00a0<a href=\"https:\/\/www.instagram.com\/cariri_em_acao\/?hl=pt-br\">Instagram<\/a>\u00a0e\u00a0<a href=\"https:\/\/www.youtube.com\/channel\/UCAptA0jQuYQy8vMhLt2m4qg\">Youtube<\/a>\u00a0e veja nossas mat\u00e9rias, v\u00eddeos e fotos. Voc\u00ea tamb\u00e9m pode enviar informa\u00e7\u00f5es \u00e0 Reda\u00e7\u00e3o do Portal Cariri em A\u00e7\u00e3o pelo WhatsApp (83) 9 9634.5791, (83) 9 9601-1162.<\/p>\n","protected":false},"excerpt":{"rendered":"<p>O prefeito de Amparo, In\u00e1cio N\u00f3brega, emitiu nota de profundo pesar pelo falecimento do ex-prefeito de Sum\u00e9, Leonardo Guilherme. In\u00e1cio disse que foi com muito&hellip; <\/p>\n","protected":false},"author":2,"featured_media":23831,"comment_status":"closed","ping_status":"closed","sticky":false,"template":"","format":"standard","meta":{"sfsi_plus_gutenberg_text_before_share":"","sfsi_plus_gutenberg_show_text_before_share":"","sfsi_plus_gutenberg_icon_type":"","sfsi_plus_gutenberg_icon_alignemt":"","sfsi_plus_gutenburg_max_per_row":"","footnotes":""},"categories":[2],"tags":[],"class_list":["post-43929","post","type-post","status-publish","format-standard","has-post-thumbnail","hentry","category-geral"],"_links":{"self":[{"href":"https:\/\/www.caririemacao.com\/1\/wp-json\/wp\/v2\/posts\/43929","targetHints":{"allow":["GET"]}}],"collection":[{"href":"https:\/\/www.caririemacao.com\/1\/wp-json\/wp\/v2\/posts"}],"about":[{"href":"https:\/\/www.caririemacao.com\/1\/wp-json\/wp\/v2\/types\/post"}],"author":[{"embeddable":true,"href":"https:\/\/www.caririemacao.com\/1\/wp-json\/wp\/v2\/users\/2"}],"replies":[{"embeddable":true,"href":"https:\/\/www.caririemacao.com\/1\/wp-json\/wp\/v2\/comments?post=43929"}],"version-history":[{"count":0,"href":"https:\/\/www.caririemacao.com\/1\/wp-json\/wp\/v2\/posts\/43929\/revisions"}],"wp:featuredmedia":[{"embeddable":true,"href":"https:\/\/www.caririemacao.com\/1\/wp-json\/wp\/v2\/media\/23831"}],"wp:attachment":[{"href":"https:\/\/www.caririemacao.com\/1\/wp-json\/wp\/v2\/media?parent=43929"}],"wp:term":[{"taxonomy":"category","embeddable":true,"href":"https:\/\/www.caririemacao.com\/1\/wp-json\/wp\/v2\/categories?post=43929"},{"taxonomy":"post_tag","embeddable":true,"href":"https:\/\/www.caririemacao.com\/1\/wp-json\/wp\/v2\/tags?post=43929"}],"curies":[{"name":"wp","href":"https:\/\/api.w.org\/{rel}","templated":true}]}}