{"id":43931,"date":"2018-03-12T22:18:25","date_gmt":"2018-03-13T01:18:25","guid":{"rendered":"http:\/\/caririemacao.com\/1\/?p=43931"},"modified":"2018-03-12T22:20:15","modified_gmt":"2018-03-13T01:20:15","slug":"globo-cancela-participacao-da-banda-magnificos-saiba-porque","status":"publish","type":"post","link":"https:\/\/www.caririemacao.com\/1\/2018\/03\/12\/globo-cancela-participacao-da-banda-magnificos-saiba-porque\/","title":{"rendered":"Globo cancela participa\u00e7\u00e3o da Banda Magn\u00edficos"},"content":{"rendered":"<p>A produ\u00e7\u00e3o do \u201cDoming\u00e3o do Faust\u00e3o\u201d cancelou a participa\u00e7\u00e3o da banda Magn\u00edficos na atra\u00e7\u00e3o dominical da Rede Globo. A apresenta\u00e7\u00e3o do grupo paraibano estava marcada para o dia 4 de mar\u00e7o, no quadro \u201cDing Dong\u201d, mas n\u00e3o ocorreu.<\/p>\n<p>O cancelamento foi informado aos f\u00e3s atrav\u00e9s do Instagram. Conforme o site \u201cVai, Forroz\u00e3o!\u201d, o motivo para a desist\u00eancia da Globo em levar a atra\u00e7\u00e3o para o palco do Doming\u00e3o seria por causa da vocalista da banda. \u00c9 que Samya Maia, que \u00e9 jornalista, apresenta um programa di\u00e1rio na TV Tamba\u00fa, afiliada ao SBT na Para\u00edba.<\/p>\n<p>Na rede social os f\u00e3s repercutiram a not\u00edcia. \u201cFoi uma pena estava aguardando, at\u00e9 a pr\u00f3xima ent\u00e3o!\u201d, postou um seguidor.<\/p>\n<p>\u201cUma pena, pois seria muito significativo para a banda se apresentar num dos maiores programas de TV dentro de um quadro que \u00e9 um sucesso. Seria \u00f3timo pra banda mostrar a atual fase!\u201d, escreveu outro f\u00e3.<\/p>\n<p>\u201c\u00c9 um grande programa (longo que d\u00e1 d\u00f3!). Voc\u00eas n\u00e3o perderam nada. Voc\u00eas s\u00e3o maiores e melhores que isso!\u201d, disse um f\u00e3.<\/p>\n<p>A Banda Magn\u00edficos tem 23 anos carreira e foi fundada pelo sanfoneiro Jotinha em 1995.<\/p>\n<p><strong>CARIRI EM A\u00c7\u00c3O<\/strong><\/p>\n<p>Leia mais not\u00edcias em\u00a0<a href=\"http:\/\/www.caririemacao.com\/\">caririemacao.com<\/a>, siga nossa p\u00e1gina no\u00a0<a href=\"https:\/\/www.facebook.com\/CaririEmAcao\/?ref=aymt_homepage_panel\">Facebook<\/a>,\u00a0<a href=\"https:\/\/www.instagram.com\/cariri_em_acao\/?hl=pt-br\">Instagram<\/a>\u00a0e\u00a0<a href=\"https:\/\/www.youtube.com\/channel\/UCAptA0jQuYQy8vMhLt2m4qg\">Youtube<\/a>\u00a0e veja nossas mat\u00e9rias, v\u00eddeos e fotos. Voc\u00ea tamb\u00e9m pode enviar informa\u00e7\u00f5es \u00e0 Reda\u00e7\u00e3o do Portal Cariri em A\u00e7\u00e3o pelo WhatsApp (83) 9 9634.5791, (83) 9 9601-1162.<\/p>\n","protected":false},"excerpt":{"rendered":"<p>A produ\u00e7\u00e3o do \u201cDoming\u00e3o do Faust\u00e3o\u201d cancelou a participa\u00e7\u00e3o da banda Magn\u00edficos na atra\u00e7\u00e3o dominical da Rede Globo. A apresenta\u00e7\u00e3o do grupo paraibano estava marcada&hellip; <\/p>\n","protected":false},"author":2,"featured_media":43935,"comment_status":"closed","ping_status":"closed","sticky":false,"template":"","format":"standard","meta":{"sfsi_plus_gutenberg_text_before_share":"","sfsi_plus_gutenberg_show_text_before_share":"","sfsi_plus_gutenberg_icon_type":"","sfsi_plus_gutenberg_icon_alignemt":"","sfsi_plus_gutenburg_max_per_row":"","footnotes":""},"categories":[2],"tags":[],"class_list":["post-43931","post","type-post","status-publish","format-standard","has-post-thumbnail","hentry","category-geral"],"_links":{"self":[{"href":"https:\/\/www.caririemacao.com\/1\/wp-json\/wp\/v2\/posts\/43931","targetHints":{"allow":["GET"]}}],"collection":[{"href":"https:\/\/www.caririemacao.com\/1\/wp-json\/wp\/v2\/posts"}],"about":[{"href":"https:\/\/www.caririemacao.com\/1\/wp-json\/wp\/v2\/types\/post"}],"author":[{"embeddable":true,"href":"https:\/\/www.caririemacao.com\/1\/wp-json\/wp\/v2\/users\/2"}],"replies":[{"embeddable":true,"href":"https:\/\/www.caririemacao.com\/1\/wp-json\/wp\/v2\/comments?post=43931"}],"version-history":[{"count":0,"href":"https:\/\/www.caririemacao.com\/1\/wp-json\/wp\/v2\/posts\/43931\/revisions"}],"wp:featuredmedia":[{"embeddable":true,"href":"https:\/\/www.caririemacao.com\/1\/wp-json\/wp\/v2\/media\/43935"}],"wp:attachment":[{"href":"https:\/\/www.caririemacao.com\/1\/wp-json\/wp\/v2\/media?parent=43931"}],"wp:term":[{"taxonomy":"category","embeddable":true,"href":"https:\/\/www.caririemacao.com\/1\/wp-json\/wp\/v2\/categories?post=43931"},{"taxonomy":"post_tag","embeddable":true,"href":"https:\/\/www.caririemacao.com\/1\/wp-json\/wp\/v2\/tags?post=43931"}],"curies":[{"name":"wp","href":"https:\/\/api.w.org\/{rel}","templated":true}]}}