{"id":43940,"date":"2018-03-13T07:19:48","date_gmt":"2018-03-13T10:19:48","guid":{"rendered":"http:\/\/caririemacao.com\/1\/?p=43940"},"modified":"2018-03-13T07:19:48","modified_gmt":"2018-03-13T10:19:48","slug":"trabalhadores-dos-correios-encerram-greve-na-pb","status":"publish","type":"post","link":"https:\/\/www.caririemacao.com\/1\/2018\/03\/13\/trabalhadores-dos-correios-encerram-greve-na-pb\/","title":{"rendered":"Trabalhadores dos Correios encerram greve na PB"},"content":{"rendered":"<div class=\"mc-column content-text active-extra-styles active-capital-letter\" data-block-type=\"unstyled\" data-block-weight=\"46\" data-block-id=\"2\">\n<p class=\"content-text__container theme-color-primary-first-letter\" data-track-category=\"Link no Texto\" data-track-links=\"\">Os funcion\u00e1rios dos Correios e Tel\u00e9grafos da Para\u00edba decidiram encerrar a greve que\u00a0teve in\u00edcio na manh\u00e3 desta segunda-feira (12). A decis\u00e3o foi tomada durante assembleia da categoria, na noite desta segunda-feira, depois que o Tribunal Superior do Trabalho (TST) declarou que o movimento era ilegal.<\/p>\n<\/div>\n<div class=\"mc-column content-text active-extra-styles \" data-block-type=\"unstyled\" data-block-weight=\"47\" data-block-id=\"3\">\n<p class=\"content-text__container \" data-track-category=\"Link no Texto\" data-track-links=\"\">Segundo o secret\u00e1rio-geral do Sindicato dos Trabalhadores em Correios e Tel\u00e9grafos na Para\u00edba (Sintect-PB), Husman Tavares, os trabalhos voltam ao normal j\u00e1 nesta ter\u00e7a-feira (13). Por\u00e9m, garantiu que os funcion\u00e1rios v\u00e3o seguir em \u201cestado de greve\u201d, ou seja, podem voltar a paralisar as atividades a qualquer momento.<\/p>\n<\/div>\n<div class=\"mc-column content-text active-extra-styles \" data-block-type=\"unstyled\" data-block-weight=\"47\" data-block-id=\"4\">\n<p class=\"content-text__container \" data-track-category=\"Link no Texto\" data-track-links=\"\">Em nota, a assessoria de comunica\u00e7\u00e3o dos Correios na Para\u00edba havia informado que &#8220;mesmo reconhecendo que a greve \u00e9 um direito do trabalhador, a empresa entende o movimento atual como injustificado e ilegal, pois n\u00e3o houve descumprimento de qualquer cl\u00e1usula do acordo coletivo de trabalho da categoria&#8221;.<\/p>\n<\/div>\n<div data-track-category=\"fim do conteudo\" data-track-action=\"ultimo chunk conteudo\" data-track-noninteraction=\"false\" data-track-scroll=\"entrada completa viewport\">\n<div class=\"mc-column content-text active-extra-styles \" data-block-type=\"unstyled\" data-block-weight=\"39\" data-block-id=\"5\">\n<p class=\"content-text__container \" data-track-category=\"Link no Texto\" data-track-links=\"\">Os trabalhadores reivindicam o retorno dos vigilantes na ag\u00eancia e o fim do pagamento de mensalidade no plano de sa\u00fade. Eles aindam protestam contra a suspens\u00e3o das f\u00e9rias, contra a demiss\u00e3o de 24 mil trabalhadores e fechamento de ag\u00eancias.<\/p>\n<p><strong>CARIRI EM A\u00c7\u00c3O<\/strong><\/p>\n<p><em>Com G1 \/Foto: Reprodu\u00e7\u00e3o Internet<\/em><\/p>\n<p><strong>Leia mais not\u00edcias em\u00a0<\/strong><a href=\"http:\/\/www.caririemacao.com\/\"><strong>caririemacao.com<\/strong><\/a><strong>, siga nossa p\u00e1gina no\u00a0<\/strong><a href=\"https:\/\/www.facebook.com\/CaririEmAcao\/?ref=aymt_homepage_panel\"><strong>Facebook<\/strong><\/a>,<strong>\u00a0<\/strong><a href=\"https:\/\/www.instagram.com\/cariri_em_acao\/?hl=pt-br\"><strong>Instagram<\/strong><\/a><strong>\u00a0e\u00a0<\/strong><a href=\"https:\/\/www.youtube.com\/channel\/UCAptA0jQuYQy8vMhLt2m4qg\"><strong>Youtube<\/strong><\/a><strong>\u00a0e veja nossas mat\u00e9rias, v\u00eddeos e fotos. Voc\u00ea tamb\u00e9m pode enviar informa\u00e7\u00f5es \u00e0 Reda\u00e7\u00e3o do Portal Cariri em A\u00e7\u00e3o pelo WhatsApp (83) 9 9634.5791, (83) 9 9601-1162.<\/strong><\/p>\n<\/div>\n<\/div>\n","protected":false},"excerpt":{"rendered":"<p>Os funcion\u00e1rios dos Correios e Tel\u00e9grafos da Para\u00edba decidiram encerrar a greve que\u00a0teve in\u00edcio na manh\u00e3 desta segunda-feira (12). A decis\u00e3o foi tomada durante assembleia&hellip; <\/p>\n","protected":false},"author":2,"featured_media":43941,"comment_status":"closed","ping_status":"closed","sticky":false,"template":"","format":"standard","meta":{"sfsi_plus_gutenberg_text_before_share":"","sfsi_plus_gutenberg_show_text_before_share":"","sfsi_plus_gutenberg_icon_type":"","sfsi_plus_gutenberg_icon_alignemt":"","sfsi_plus_gutenburg_max_per_row":"","footnotes":""},"categories":[2],"tags":[],"class_list":["post-43940","post","type-post","status-publish","format-standard","has-post-thumbnail","hentry","category-geral"],"_links":{"self":[{"href":"https:\/\/www.caririemacao.com\/1\/wp-json\/wp\/v2\/posts\/43940","targetHints":{"allow":["GET"]}}],"collection":[{"href":"https:\/\/www.caririemacao.com\/1\/wp-json\/wp\/v2\/posts"}],"about":[{"href":"https:\/\/www.caririemacao.com\/1\/wp-json\/wp\/v2\/types\/post"}],"author":[{"embeddable":true,"href":"https:\/\/www.caririemacao.com\/1\/wp-json\/wp\/v2\/users\/2"}],"replies":[{"embeddable":true,"href":"https:\/\/www.caririemacao.com\/1\/wp-json\/wp\/v2\/comments?post=43940"}],"version-history":[{"count":0,"href":"https:\/\/www.caririemacao.com\/1\/wp-json\/wp\/v2\/posts\/43940\/revisions"}],"wp:featuredmedia":[{"embeddable":true,"href":"https:\/\/www.caririemacao.com\/1\/wp-json\/wp\/v2\/media\/43941"}],"wp:attachment":[{"href":"https:\/\/www.caririemacao.com\/1\/wp-json\/wp\/v2\/media?parent=43940"}],"wp:term":[{"taxonomy":"category","embeddable":true,"href":"https:\/\/www.caririemacao.com\/1\/wp-json\/wp\/v2\/categories?post=43940"},{"taxonomy":"post_tag","embeddable":true,"href":"https:\/\/www.caririemacao.com\/1\/wp-json\/wp\/v2\/tags?post=43940"}],"curies":[{"name":"wp","href":"https:\/\/api.w.org\/{rel}","templated":true}]}}