{"id":43946,"date":"2018-03-13T07:27:46","date_gmt":"2018-03-13T10:27:46","guid":{"rendered":"http:\/\/caririemacao.com\/1\/?p=43946"},"modified":"2018-03-13T07:27:46","modified_gmt":"2018-03-13T10:27:46","slug":"oficina-de-massagem-inscreve-para-servico-terapeutico-para-tratamento-de-cefaleia-tensional-e-algias-na-coluna","status":"publish","type":"post","link":"https:\/\/www.caririemacao.com\/1\/2018\/03\/13\/oficina-de-massagem-inscreve-para-servico-terapeutico-para-tratamento-de-cefaleia-tensional-e-algias-na-coluna\/","title":{"rendered":"Oficina de Massagem inscreve para servi\u00e7o terap\u00eautico para tratamento de cefaleia tensional e algias na coluna"},"content":{"rendered":"<p>Quem sofre com constantes crises de cefaleia, para muitos conhecida apenas como dor de cabe\u00e7a, pode buscar tratamento especializado na Cl\u00ednica Escola de Fisioterapia da Universidade Estadual da Para\u00edba (UEPB). O projeto de extens\u00e3o \u201cCefaleia do Tipo Tensional e Algias na Coluna: Oficina de Massagem\u201d est\u00e1 com inscri\u00e7\u00f5es abertas para atendimento de pessoas que sofrem com esses problemas.<\/p>\n<p>O atendimento do projeto acontece no pr\u00e9dio da Cl\u00ednica Escola da UEPB, nas ter\u00e7as e quintas, das 8h30 \u00e0s 11h, e para utilizar o servi\u00e7o basta o interessado se dirigir at\u00e9 o local durante os turnos de funcionamento da Cl\u00ednica, pela manh\u00e3 ou tarde, ou telefonar para o n\u00famero (83) 3315-3346 e agendar seu atendimento.<\/p>\n<p>Utilizando t\u00e9cnicas terap\u00eauticas que envolvem a aplica\u00e7\u00e3o de sequ\u00eancias e manipula\u00e7\u00e3o de tecidos, contribuindo para o aumento da circula\u00e7\u00e3o linf\u00e1tica, fluxo sangu\u00edneo, al\u00edvio da dor, remo\u00e7\u00e3o dos produtos do catabolismo e metabolismo e facilita\u00e7\u00e3o da atividade muscular, o tratamento permite aos usu\u00e1rios uma possibilidade de enfrentar esse mal que, segundo estudos epidemiol\u00f3gicos, afeta 72,2% da popula\u00e7\u00e3o brasileira, sendo 15,2% de migr\u00e2nea, 13% de cefaleia tipo tensional e 6,9% de cefaleia cr\u00f4nica di\u00e1ria.<\/p>\n<p>Coordenado pela professora Socorro Barbosa, o projeto de extens\u00e3o oferece medidas eficazes que possibilitam a promo\u00e7\u00e3o da sa\u00fade, atingindo uma das principais metas da extens\u00e3o universit\u00e1ria, que \u00e9 interagir educa\u00e7\u00e3o, cultura e o saber cient\u00edfico de forma indissoci\u00e1vel, atrav\u00e9s do ensino e da pesquisa, al\u00e9m de executar o v\u00ednculo transformador entre universidade e sociedade.<\/p>\n<p>\u201cNossa proposta \u00e9 beneficiar os participantes atrav\u00e9s da massagem terap\u00eautica, minimizando ou eliminando algias musculares e cefaleias do tipo tensional, visando \u00e0 promo\u00e7\u00e3o da sa\u00fade e melhoria da qualidade de vida, gerando uma a\u00e7\u00e3o conjunta e participativa dos acad\u00eamicos, professores, t\u00e9cnicos administrativos da UEPB e a comunidade em geral. A massoterapia tem sido reconhecida entre os profissionais da Sa\u00fade como um excelente recurso na preven\u00e7\u00e3o das dores, do cansa\u00e7o f\u00edsico e mental. Por isso temos um programa que contribui muito para o bem-estar da popula\u00e7\u00e3o\u201d, ressalta professora Socorro.<\/p>\n<p><strong>CARIRI EM A\u00c7\u00c3O<\/strong><\/p>\n<p><em>Com UEPB\/Foto: Reprodu\u00e7\u00e3o google<\/em><\/p>\n<p><strong>Leia mais not\u00edcias em\u00a0<\/strong><a href=\"http:\/\/www.caririemacao.com\/\"><strong>caririemacao.com<\/strong><\/a><strong>, siga nossa p\u00e1gina no\u00a0<\/strong><a href=\"https:\/\/www.facebook.com\/CaririEmAcao\/?ref=aymt_homepage_panel\"><strong>Facebook<\/strong><\/a>,<strong>\u00a0<\/strong><a href=\"https:\/\/www.instagram.com\/cariri_em_acao\/?hl=pt-br\"><strong>Instagram<\/strong><\/a><strong>\u00a0e\u00a0<\/strong><a href=\"https:\/\/www.youtube.com\/channel\/UCAptA0jQuYQy8vMhLt2m4qg\"><strong>Youtube<\/strong><\/a><strong>\u00a0e veja nossas mat\u00e9rias, v\u00eddeos e fotos. Voc\u00ea tamb\u00e9m pode enviar informa\u00e7\u00f5es \u00e0 Reda\u00e7\u00e3o do Portal Cariri em A\u00e7\u00e3o pelo WhatsApp (83) 9 9634.5791, (83) 9 9601-1162.<\/strong><\/p>\n","protected":false},"excerpt":{"rendered":"<p>Quem sofre com constantes crises de cefaleia, para muitos conhecida apenas como dor de cabe\u00e7a, pode buscar tratamento especializado na Cl\u00ednica Escola de Fisioterapia da&hellip; <\/p>\n","protected":false},"author":2,"featured_media":43947,"comment_status":"closed","ping_status":"closed","sticky":false,"template":"","format":"standard","meta":{"sfsi_plus_gutenberg_text_before_share":"","sfsi_plus_gutenberg_show_text_before_share":"","sfsi_plus_gutenberg_icon_type":"","sfsi_plus_gutenberg_icon_alignemt":"","sfsi_plus_gutenburg_max_per_row":"","footnotes":""},"categories":[16],"tags":[],"class_list":["post-43946","post","type-post","status-publish","format-standard","has-post-thumbnail","hentry","category-saude"],"_links":{"self":[{"href":"https:\/\/www.caririemacao.com\/1\/wp-json\/wp\/v2\/posts\/43946","targetHints":{"allow":["GET"]}}],"collection":[{"href":"https:\/\/www.caririemacao.com\/1\/wp-json\/wp\/v2\/posts"}],"about":[{"href":"https:\/\/www.caririemacao.com\/1\/wp-json\/wp\/v2\/types\/post"}],"author":[{"embeddable":true,"href":"https:\/\/www.caririemacao.com\/1\/wp-json\/wp\/v2\/users\/2"}],"replies":[{"embeddable":true,"href":"https:\/\/www.caririemacao.com\/1\/wp-json\/wp\/v2\/comments?post=43946"}],"version-history":[{"count":0,"href":"https:\/\/www.caririemacao.com\/1\/wp-json\/wp\/v2\/posts\/43946\/revisions"}],"wp:featuredmedia":[{"embeddable":true,"href":"https:\/\/www.caririemacao.com\/1\/wp-json\/wp\/v2\/media\/43947"}],"wp:attachment":[{"href":"https:\/\/www.caririemacao.com\/1\/wp-json\/wp\/v2\/media?parent=43946"}],"wp:term":[{"taxonomy":"category","embeddable":true,"href":"https:\/\/www.caririemacao.com\/1\/wp-json\/wp\/v2\/categories?post=43946"},{"taxonomy":"post_tag","embeddable":true,"href":"https:\/\/www.caririemacao.com\/1\/wp-json\/wp\/v2\/tags?post=43946"}],"curies":[{"name":"wp","href":"https:\/\/api.w.org\/{rel}","templated":true}]}}