{"id":43953,"date":"2018-03-13T07:41:12","date_gmt":"2018-03-13T10:41:12","guid":{"rendered":"http:\/\/caririemacao.com\/1\/?p=43953"},"modified":"2018-03-13T07:41:12","modified_gmt":"2018-03-13T10:41:12","slug":"itabaiana-e-guarabira-sediam-audiencias-do-orcamento-democratico-do-estado","status":"publish","type":"post","link":"https:\/\/www.caririemacao.com\/1\/2018\/03\/13\/itabaiana-e-guarabira-sediam-audiencias-do-orcamento-democratico-do-estado\/","title":{"rendered":"Itabaiana e Guarabira sediam audi\u00eancias do Or\u00e7amento Democr\u00e1tico do Estado"},"content":{"rendered":"<p>As regi\u00f5es polarizadas pelas cidades de Itabaiana e Guarabira recebem nesta semana, quinta-feira (15) e sexta-feira (16), respectivamente, as audi\u00eancias do Or\u00e7amento Democr\u00e1tico Estadual \u2013 Ciclo 2018.<\/p>\n<p>A audi\u00eancia em Itabaiana (12\u00aa Regi\u00e3o Geoadministrativa) acontece a partir das 19h, no gin\u00e1sio da Escola Cidad\u00e3 Integral da cidade e a de Guarabira (2\u00aa Regi\u00e3o), acontece tamb\u00e9m \u00e0s 19h, no gin\u00e1sio Jos\u00e9 Soares \u2013 o \u201cPortugues\u00e3o\u201d.<\/p>\n<p>A primeira audi\u00eancia, de Itabaiana, vai reunir representantes dos munic\u00edpios de Caldas Brand\u00e3o, Gurinh\u00e9m, Ing\u00e1, Itatuba, Juarez T\u00e1vora, Juripiranga, Mogeiro, Pedra de Fogo, Pilar, Riach\u00e3o do Bacamarte, Salgado de S\u00e3o F\u00e9lix, S\u00e3o Jos\u00e9 dos Ramos, S\u00e3o Miguel de Taipu e Serra Redonda. E a de Guarabira populares das cidades de Alagoinha, Ara\u00e7agi, Cuitegi, Duas Estradas, Mulungu, Pil\u00f5es, Pil\u00f5ezinhos, Pirpirituba, Serra da Raiz e Sert\u00e3ozinho.<\/p>\n<p>O Governo do Estado, por meio da Secretaria Executiva do Or\u00e7amento Democr\u00e1tico Estadual, vem realizando o ciclo de audi\u00eancias 2018 que j\u00e1 foi realizado nas regi\u00f5es de Cajazeiras, Sousa, Pombal, Catol\u00e9 do Rocha, Patos e Sum\u00e9.<\/p>\n<p>As plen\u00e1rias contam com a presen\u00e7a de v\u00e1rios setores do Governo e \u00e9 um momento onde as pessoas presentes podem eleger prioridades de investimentos para as suas respectivas regi\u00f5es, al\u00e9m de indicarem, especificamente, quais obras, a\u00e7\u00f5es e servi\u00e7os que gostariam que fossem implantados ou melhorados em suas comunidades.<\/p>\n<p>O Governo tamb\u00e9m tem prestado contas das a\u00e7\u00f5es e investimentos desenvolvidos nessas regi\u00f5es, al\u00e9m da entrega de benef\u00edcios para a melhoria dos servi\u00e7os prestados nessas localidades.<\/p>\n<p>A popula\u00e7\u00e3o que tiver interesse em participar deve ficar atenta aos locais onde ser\u00e3o disponibilizados transportes at\u00e9 \u00e0 plen\u00e1ria. E ao chegar ao local da audi\u00eancia deve preencher o formul\u00e1rio de indica\u00e7\u00e3o das prioridades, disponibilizado na entrada dos gin\u00e1sios, no credenciamento.<\/p>\n<p>Tamb\u00e9m haver\u00e1 um momento para inscri\u00e7\u00f5es de falas para quem desejar expressar-se diretamente para o governador e toda a equipe de governo.<\/p>\n<p>As audi\u00eancias p\u00fablicas do Or\u00e7amento Democr\u00e1tico Estadual t\u00eam o objetivo de reunir as popula\u00e7\u00f5es das regi\u00f5es para dialogar sobre as prioridades de investimentos do Governo do Estado. \u00c9 a forma democr\u00e1tica de discutir os gastos p\u00fablicos diretamente com a popula\u00e7\u00e3o e de prestar contas daquilo que foi e vem sendo investido pelo governo nas regi\u00f5es.<\/p>\n<p><strong>CARIRI EM A\u00c7\u00c3O<\/strong><\/p>\n<p><em>Com Secom PB\/Foto:\u00a0Secom PB<\/em><\/p>\n<p><strong>Leia mais not\u00edcias em\u00a0<\/strong><a href=\"http:\/\/www.caririemacao.com\/\"><strong>caririemacao.com<\/strong><\/a><strong>, siga nossa p\u00e1gina no\u00a0<\/strong><a href=\"https:\/\/www.facebook.com\/CaririEmAcao\/?ref=aymt_homepage_panel\"><strong>Facebook<\/strong><\/a>,<strong>\u00a0<\/strong><a href=\"https:\/\/www.instagram.com\/cariri_em_acao\/?hl=pt-br\"><strong>Instagram<\/strong><\/a><strong>\u00a0e\u00a0<\/strong><a href=\"https:\/\/www.youtube.com\/channel\/UCAptA0jQuYQy8vMhLt2m4qg\"><strong>Youtube<\/strong><\/a><strong>\u00a0e veja nossas mat\u00e9rias, v\u00eddeos e fotos. Voc\u00ea tamb\u00e9m pode enviar informa\u00e7\u00f5es \u00e0 Reda\u00e7\u00e3o do Portal Cariri em A\u00e7\u00e3o pelo WhatsApp (83) 9 9634.5791, (83) 9 9601-1162.<\/strong><\/p>\n","protected":false},"excerpt":{"rendered":"<p>As regi\u00f5es polarizadas pelas cidades de Itabaiana e Guarabira recebem nesta semana, quinta-feira (15) e sexta-feira (16), respectivamente, as audi\u00eancias do Or\u00e7amento Democr\u00e1tico Estadual \u2013&hellip; <\/p>\n","protected":false},"author":2,"featured_media":43954,"comment_status":"closed","ping_status":"closed","sticky":false,"template":"","format":"standard","meta":{"sfsi_plus_gutenberg_text_before_share":"","sfsi_plus_gutenberg_show_text_before_share":"","sfsi_plus_gutenberg_icon_type":"","sfsi_plus_gutenberg_icon_alignemt":"","sfsi_plus_gutenburg_max_per_row":"","footnotes":""},"categories":[2],"tags":[],"class_list":["post-43953","post","type-post","status-publish","format-standard","has-post-thumbnail","hentry","category-geral"],"_links":{"self":[{"href":"https:\/\/www.caririemacao.com\/1\/wp-json\/wp\/v2\/posts\/43953","targetHints":{"allow":["GET"]}}],"collection":[{"href":"https:\/\/www.caririemacao.com\/1\/wp-json\/wp\/v2\/posts"}],"about":[{"href":"https:\/\/www.caririemacao.com\/1\/wp-json\/wp\/v2\/types\/post"}],"author":[{"embeddable":true,"href":"https:\/\/www.caririemacao.com\/1\/wp-json\/wp\/v2\/users\/2"}],"replies":[{"embeddable":true,"href":"https:\/\/www.caririemacao.com\/1\/wp-json\/wp\/v2\/comments?post=43953"}],"version-history":[{"count":0,"href":"https:\/\/www.caririemacao.com\/1\/wp-json\/wp\/v2\/posts\/43953\/revisions"}],"wp:featuredmedia":[{"embeddable":true,"href":"https:\/\/www.caririemacao.com\/1\/wp-json\/wp\/v2\/media\/43954"}],"wp:attachment":[{"href":"https:\/\/www.caririemacao.com\/1\/wp-json\/wp\/v2\/media?parent=43953"}],"wp:term":[{"taxonomy":"category","embeddable":true,"href":"https:\/\/www.caririemacao.com\/1\/wp-json\/wp\/v2\/categories?post=43953"},{"taxonomy":"post_tag","embeddable":true,"href":"https:\/\/www.caririemacao.com\/1\/wp-json\/wp\/v2\/tags?post=43953"}],"curies":[{"name":"wp","href":"https:\/\/api.w.org\/{rel}","templated":true}]}}