{"id":43956,"date":"2018-03-13T07:46:19","date_gmt":"2018-03-13T10:46:19","guid":{"rendered":"http:\/\/caririemacao.com\/1\/?p=43956"},"modified":"2018-03-13T07:46:19","modified_gmt":"2018-03-13T10:46:19","slug":"tst-decide-que-empregados-dos-correios-devem-pagar-por-plano-de-saude","status":"publish","type":"post","link":"https:\/\/www.caririemacao.com\/1\/2018\/03\/13\/tst-decide-que-empregados-dos-correios-devem-pagar-por-plano-de-saude\/","title":{"rendered":"TST decide que empregados dos Correios devem pagar por plano de sa\u00fade"},"content":{"rendered":"<p>O Tribunal Superior do Trabalho (TST) decidiu, nesta segunda-feira (12), que os empregados dos Correios e seus dependentes dever\u00e3o pagar mensalidade para manter os planos de sa\u00fade. O tema foi objeto de julgamento pela Se\u00e7\u00e3o de Diss\u00eddios Coletivos da corte, que aprovou a proposta do ministro relator, Aloysio Corr\u00eaa, por 6 votos a 1. A a\u00e7\u00e3o de diss\u00eddio coletivo havia sido ajuizada pela companhia ainda no ano passado, quando n\u00e3o houve acordo entre empregados e dire\u00e7\u00e3o sobre a revis\u00e3o do Postal Sa\u00fade no \u00e2mbito do Acordo Coletivo de Trabalho (ACT).<\/p>\n<p>A principal mudan\u00e7a \u00e9 a introdu\u00e7\u00e3o da cobran\u00e7a de mensalidade dos empregados e seus dependentes (c\u00f4njuges e filhos), conforme faixas et\u00e1ria e remunerat\u00f3ria. At\u00e9 ent\u00e3o, os empregados e seus familiares que usavam o plano pagavam apenas um percentual por consulta ou exame, de acordo com uma tabela remunerat\u00f3ria do plano.<\/p>\n<p>Os dependentes ascendentes (pais e m\u00e3es) dos empregados continuar\u00e3o no plano at\u00e9 julho de 2019, quando vence o ACT em vigor. Ap\u00f3s esse per\u00edodo, deixar\u00e3o de ser cobertos pelo plano, e ficar\u00e3o assegurados os que estiverem em tratamento m\u00e9dico-hospitalar at\u00e9 a alta m\u00e9dica, segundo regras da Ag\u00eancia Nacional de Sa\u00fade Suplementar (ANS).<\/p>\n<p>Um novo plano-fam\u00edlia, a ser criado no ano que vem, poder\u00e1 incorporar pais e m\u00e3es e outros eventuais dependentes dos funcion\u00e1rios. A proposta inicial da empresa previa a manuten\u00e7\u00e3o do plano apenas para funcion\u00e1rios ativos e aposentados e a cria\u00e7\u00e3o de um outro plano para todos os dependentes.<\/p>\n<p>Os ministros tamb\u00e9m aprovaram a proporcionalidade de pagamento das despesas totais do plano, que ser\u00e1 de 30% para os empregados e 70% para os Correios. Al\u00e9m disso, ficou definido que, havendo lucro l\u00edquido no exerc\u00edcio anterior, a empresa reverter\u00e1 15% para o custeio das mensalidades do plano de sa\u00fade dos benefici\u00e1rios. Al\u00e9m dos mais de 140 mil funcion\u00e1rios da ativa e aposentados dos Correios, o Postal Sa\u00fade atendia a outras 250 mil pessoas, totalizando aproximadamente 400 mil vidas.<\/p>\n<p>A dire\u00e7\u00e3o dos Correios aguarda a publica\u00e7\u00e3o da \u00edntegra da decis\u00e3o do TST para avaliar o impacto nas contas da empresa e adotar as medidas para a implanta\u00e7\u00e3o das novas regras. Para o presidente dos Correios, Guilherme Campos, a decis\u00e3o representa um grande avan\u00e7o para a retomada do processo de recupera\u00e7\u00e3o da empresa, que enfrenta uma grave crise financeira.<\/p>\n<p>\u201cA decis\u00e3o ficou distante da nossa proposta inicial, mas \u00e9 um reconhecimento de que o custeio tem que ser compartilhado e o primeiro passo importante para a sustentabilidade do plano e dos pr\u00f3prios Correios\u201d, explica.<\/p>\n<p>\u00c0 noite, a Federa\u00e7\u00e3o Nacional dos Trabalhadores em Empresas de Correios e Tel\u00e9grafos e Similares (Fentect) divulgou nota orientando pela continuidade da greve e convocando, para esta ter\u00e7a-feira (13), uma reuni\u00e3o com a assessoria jur\u00eddica para discutir a decis\u00e3o do TST e definir estrat\u00e9gias, a partir de agora. Os sindicatos tamb\u00e9m dever\u00e3o se reunir no per\u00edodo da tarde.<\/p>\n<p><strong>CARIRI EM A\u00c7\u00c3O<\/strong><\/p>\n<p><em>Com Ag\u00eancia Brasil\/Foto: Reprodu\u00e7\u00e3o Internet<\/em><\/p>\n<p><strong>Leia mais not\u00edcias em\u00a0<\/strong><a href=\"http:\/\/www.caririemacao.com\/\"><strong>caririemacao.com<\/strong><\/a><strong>, siga nossa p\u00e1gina no\u00a0<\/strong><a href=\"https:\/\/www.facebook.com\/CaririEmAcao\/?ref=aymt_homepage_panel\"><strong>Facebook<\/strong><\/a>,<strong>\u00a0<\/strong><a href=\"https:\/\/www.instagram.com\/cariri_em_acao\/?hl=pt-br\"><strong>Instagram<\/strong><\/a><strong>\u00a0e\u00a0<\/strong><a href=\"https:\/\/www.youtube.com\/channel\/UCAptA0jQuYQy8vMhLt2m4qg\"><strong>Youtube<\/strong><\/a><strong>\u00a0e veja nossas mat\u00e9rias, v\u00eddeos e fotos. Voc\u00ea tamb\u00e9m pode enviar informa\u00e7\u00f5es \u00e0 Reda\u00e7\u00e3o do Portal Cariri em A\u00e7\u00e3o pelo WhatsApp (83) 9 9634.5791, (83) 9 9601-1162.<\/strong><\/p>\n","protected":false},"excerpt":{"rendered":"<p>O Tribunal Superior do Trabalho (TST) decidiu, nesta segunda-feira (12), que os empregados dos Correios e seus dependentes dever\u00e3o pagar mensalidade para manter os planos&hellip; <\/p>\n","protected":false},"author":2,"featured_media":43957,"comment_status":"closed","ping_status":"closed","sticky":false,"template":"","format":"standard","meta":{"sfsi_plus_gutenberg_text_before_share":"","sfsi_plus_gutenberg_show_text_before_share":"","sfsi_plus_gutenberg_icon_type":"","sfsi_plus_gutenberg_icon_alignemt":"","sfsi_plus_gutenburg_max_per_row":"","footnotes":""},"categories":[2],"tags":[],"class_list":["post-43956","post","type-post","status-publish","format-standard","has-post-thumbnail","hentry","category-geral"],"_links":{"self":[{"href":"https:\/\/www.caririemacao.com\/1\/wp-json\/wp\/v2\/posts\/43956","targetHints":{"allow":["GET"]}}],"collection":[{"href":"https:\/\/www.caririemacao.com\/1\/wp-json\/wp\/v2\/posts"}],"about":[{"href":"https:\/\/www.caririemacao.com\/1\/wp-json\/wp\/v2\/types\/post"}],"author":[{"embeddable":true,"href":"https:\/\/www.caririemacao.com\/1\/wp-json\/wp\/v2\/users\/2"}],"replies":[{"embeddable":true,"href":"https:\/\/www.caririemacao.com\/1\/wp-json\/wp\/v2\/comments?post=43956"}],"version-history":[{"count":0,"href":"https:\/\/www.caririemacao.com\/1\/wp-json\/wp\/v2\/posts\/43956\/revisions"}],"wp:featuredmedia":[{"embeddable":true,"href":"https:\/\/www.caririemacao.com\/1\/wp-json\/wp\/v2\/media\/43957"}],"wp:attachment":[{"href":"https:\/\/www.caririemacao.com\/1\/wp-json\/wp\/v2\/media?parent=43956"}],"wp:term":[{"taxonomy":"category","embeddable":true,"href":"https:\/\/www.caririemacao.com\/1\/wp-json\/wp\/v2\/categories?post=43956"},{"taxonomy":"post_tag","embeddable":true,"href":"https:\/\/www.caririemacao.com\/1\/wp-json\/wp\/v2\/tags?post=43956"}],"curies":[{"name":"wp","href":"https:\/\/api.w.org\/{rel}","templated":true}]}}