{"id":43959,"date":"2018-03-13T07:49:06","date_gmt":"2018-03-13T10:49:06","guid":{"rendered":"http:\/\/caririemacao.com\/1\/?p=43959"},"modified":"2018-03-13T07:49:06","modified_gmt":"2018-03-13T10:49:06","slug":"leilao-de-triplex-atribuido-a-lula-e-marcado-para-15-de-maio","status":"publish","type":"post","link":"https:\/\/www.caririemacao.com\/1\/2018\/03\/13\/leilao-de-triplex-atribuido-a-lula-e-marcado-para-15-de-maio\/","title":{"rendered":"Leil\u00e3o de triplex atribu\u00eddo a Lula \u00e9 marcado para 15 de maio"},"content":{"rendered":"<p>O juiz federal S\u00e9rgio Moro marcou o leil\u00e3o do tr\u00edplex atribu\u00eddo ao ex-presidente Luiz In\u00e1cio Lula da Silva para o dia 15 de maio. Na decis\u00e3o, o magistrado tamb\u00e9m definiu a data do segundo leil\u00e3o, caso o im\u00f3vel n\u00e3o seja arrematado no primeiro leil\u00e3o, para o dia 22 do mesmo m\u00eas, ambos \u00e0s 14 horas.<\/p>\n<div class=\"know_more\">\n<p>&nbsp;<\/p>\n<\/div>\n<p>Segundo o Minist\u00e9rio P\u00fablico Federal, o triplex, localizado na cidade do Guaruj\u00e1, litoral paulista, teria sido cedido pela construtora OAS ao ex-presidente como recompensa a favorecimentos \u00e0 empresa em obras. A acusa\u00e7\u00e3o resultou na condena\u00e7\u00e3o de Lula pelo juiz S\u00e9rgio Moro, decis\u00e3o que foi confirmada pelo Tribunal Regional Federal da 4\u00aa Regi\u00e3o (TRF4).<\/p>\n<p>A\u00a0decis\u00e3o de leiloar\u00a0o im\u00f3vel ocorreu ap\u00f3s o apartamento ter sido penhorado pela 2\u00aa Vara de Execu\u00e7\u00e3o de T\u00edtulos Extrajudiciais da Justi\u00e7a Distrital de Bras\u00edlia, em raz\u00e3o de uma disputa judicial entre a empresa Macife e a OAS.<\/p>\n<p>A defesa de Lula argumentou, \u00e0 \u00e9poca, que a penhora confirmava a tese defendida de que o im\u00f3vel pertencia \u00e0 OAS e nunca teria sido do ex-presidente. Moro afirmou em seu despacho quando ordenou a realiza\u00e7\u00e3o do leil\u00e3o que \u201co im\u00f3vel foi inadvertidamente penhorado, pois o que \u00e9 produto de crime est\u00e1 sujeito a sequestro e confisco e n\u00e3o \u00e0 penhora por credor c\u00edvel ou a concurso de credores\u201d.<\/p>\n<p><strong>CARIRI EM A\u00c7\u00c3O<\/strong><\/p>\n<p><em>Com Ag\u00eancia Brasil\/Foto: Reprodu\u00e7\u00e3o Internet<\/em><\/p>\n<p><strong>Leia mais not\u00edcias em\u00a0<\/strong><a href=\"http:\/\/www.caririemacao.com\/\"><strong>caririemacao.com<\/strong><\/a><strong>, siga nossa p\u00e1gina no\u00a0<\/strong><a href=\"https:\/\/www.facebook.com\/CaririEmAcao\/?ref=aymt_homepage_panel\"><strong>Facebook<\/strong><\/a>,<strong>\u00a0<\/strong><a href=\"https:\/\/www.instagram.com\/cariri_em_acao\/?hl=pt-br\"><strong>Instagram<\/strong><\/a><strong>\u00a0e\u00a0<\/strong><a href=\"https:\/\/www.youtube.com\/channel\/UCAptA0jQuYQy8vMhLt2m4qg\"><strong>Youtube<\/strong><\/a><strong>\u00a0e veja nossas mat\u00e9rias, v\u00eddeos e fotos. Voc\u00ea tamb\u00e9m pode enviar informa\u00e7\u00f5es \u00e0 Reda\u00e7\u00e3o do Portal Cariri em A\u00e7\u00e3o pelo WhatsApp (83) 9 9634.5791, (83) 9 9601-1162.<\/strong><\/p>\n","protected":false},"excerpt":{"rendered":"<p>O juiz federal S\u00e9rgio Moro marcou o leil\u00e3o do tr\u00edplex atribu\u00eddo ao ex-presidente Luiz In\u00e1cio Lula da Silva para o dia 15 de maio. Na&hellip; <\/p>\n","protected":false},"author":2,"featured_media":18647,"comment_status":"closed","ping_status":"closed","sticky":false,"template":"","format":"standard","meta":{"sfsi_plus_gutenberg_text_before_share":"","sfsi_plus_gutenberg_show_text_before_share":"","sfsi_plus_gutenberg_icon_type":"","sfsi_plus_gutenberg_icon_alignemt":"","sfsi_plus_gutenburg_max_per_row":"","footnotes":""},"categories":[11],"tags":[],"class_list":["post-43959","post","type-post","status-publish","format-standard","has-post-thumbnail","hentry","category-politica"],"_links":{"self":[{"href":"https:\/\/www.caririemacao.com\/1\/wp-json\/wp\/v2\/posts\/43959","targetHints":{"allow":["GET"]}}],"collection":[{"href":"https:\/\/www.caririemacao.com\/1\/wp-json\/wp\/v2\/posts"}],"about":[{"href":"https:\/\/www.caririemacao.com\/1\/wp-json\/wp\/v2\/types\/post"}],"author":[{"embeddable":true,"href":"https:\/\/www.caririemacao.com\/1\/wp-json\/wp\/v2\/users\/2"}],"replies":[{"embeddable":true,"href":"https:\/\/www.caririemacao.com\/1\/wp-json\/wp\/v2\/comments?post=43959"}],"version-history":[{"count":0,"href":"https:\/\/www.caririemacao.com\/1\/wp-json\/wp\/v2\/posts\/43959\/revisions"}],"wp:featuredmedia":[{"embeddable":true,"href":"https:\/\/www.caririemacao.com\/1\/wp-json\/wp\/v2\/media\/18647"}],"wp:attachment":[{"href":"https:\/\/www.caririemacao.com\/1\/wp-json\/wp\/v2\/media?parent=43959"}],"wp:term":[{"taxonomy":"category","embeddable":true,"href":"https:\/\/www.caririemacao.com\/1\/wp-json\/wp\/v2\/categories?post=43959"},{"taxonomy":"post_tag","embeddable":true,"href":"https:\/\/www.caririemacao.com\/1\/wp-json\/wp\/v2\/tags?post=43959"}],"curies":[{"name":"wp","href":"https:\/\/api.w.org\/{rel}","templated":true}]}}