{"id":43964,"date":"2018-03-13T07:53:55","date_gmt":"2018-03-13T10:53:55","guid":{"rendered":"http:\/\/caririemacao.com\/1\/?p=43964"},"modified":"2018-03-13T07:53:55","modified_gmt":"2018-03-13T10:53:55","slug":"verba-de-multa-por-crime-ambiental-ira-para-bacias-do-sao-francisco-e-parnaiba","status":"publish","type":"post","link":"https:\/\/www.caririemacao.com\/1\/2018\/03\/13\/verba-de-multa-por-crime-ambiental-ira-para-bacias-do-sao-francisco-e-parnaiba\/","title":{"rendered":"Verba de multa por crime ambiental ir\u00e1 para bacias do S\u00e3o Francisco e Parna\u00edba"},"content":{"rendered":"<p>O presidente Michel Temer e o ministro do Meio Ambiente, Sarney Filho, participaram ontem (12) do lan\u00e7amento do processo de Convers\u00e3o de Multas Ambientais em prol das Bacias dos Rios S\u00e3o Francisco e Parna\u00edba. O evento estava previsto para ocorrer na \u00faltima sexta-feira (9), em S\u00e3o Roque de Minas (MG), mas o mau tempo na regi\u00e3o\u00a0impediu a viagem\u00a0do presidente.<\/p>\n<p>Com a medida, o dinheiro das multas ser\u00e1 destinado para pol\u00edticas ambientais. A convers\u00e3o n\u00e3o desobriga, entretanto, o autuado do dever de reparar os danos decorrentes das infra\u00e7\u00f5es resultantes da multa. O uso desses recursos ser\u00e1 definido em projetos ambientais selecionados via Chamamento P\u00fablico. O objetivo, segundo o governo, \u00e9 recuperar \u00e1reas degradadas e aumentar a disponibilidade h\u00eddrica, com gera\u00e7\u00e3o de emprego e renda.<\/p>\n<p>O Chamamento P\u00fablico abrange projetos potenciais em 195 munic\u00edpios na Bacia do S\u00e3o Francisco e em 213 munic\u00edpios na Bacia do Parna\u00edba. De acordo com o Minist\u00e9rio do Meio Ambiente (MMA), nas 10 sub-bacias do S\u00e3o Francisco abrangidas h\u00e1 potencial para aplica\u00e7\u00e3o de mais de R$ 2,5 bilh\u00f5es em multas convertidas.<\/p>\n<p><strong>Redu\u00e7\u00e3o do desmatamento<\/strong><\/p>\n<p>Na solenidade, Temer e Sarney Filho destacaram a redu\u00e7\u00e3o do desmatamento na Amaz\u00f4nia prevista para este ano que, segundo o ministro, poder\u00e1 chegar a 20%. No ano passado,\u00a0houve uma redu\u00e7\u00e3o\u00a0de 16%. \u201cJ\u00e1 temos dados preliminares de que vai cair em torno de 20% o desmatamento este ano, j\u00e1 em rela\u00e7\u00e3o \u00e0 queda do ano passado. Vamos cumprir com todos os nossos compromissos internacionais e ter certeza que a Amaz\u00f4nia vai continuar prestando servi\u00e7os ambientais para o Brasil e para o mundo\u201d.<\/p>\n<p>Na solenidade, o presidente Temer elogiou o trabalho de Sarney Filho e da presidente do Ibama, Suely Ara\u00fajo. \u201cEu verifico que muitas vezes h\u00e1 not\u00edcias de que estamos degradando o meio ambiente. Ao contr\u00e1rio. [&#8230;] E agora estamos vendo a quest\u00e3o da preserva\u00e7\u00e3o do oceano, al\u00e9m do que o desmatamento caiu enormemente, 16%, com a possibilidade de aumentar [os \u00edndices de redu\u00e7\u00e3o em] mais 20%\u201d.<\/p>\n<p><strong>CARIRI EM A\u00c7\u00c3O<\/strong><\/p>\n<p><em>Com Ag\u00eancia Brasil\/Foto: Reprodu\u00e7\u00e3o Internet<\/em><\/p>\n<p><strong>Leia mais not\u00edcias em\u00a0<\/strong><a href=\"http:\/\/www.caririemacao.com\/\"><strong>caririemacao.com<\/strong><\/a><strong>, siga nossa p\u00e1gina no\u00a0<\/strong><a href=\"https:\/\/www.facebook.com\/CaririEmAcao\/?ref=aymt_homepage_panel\"><strong>Facebook<\/strong><\/a>,<strong>\u00a0<\/strong><a href=\"https:\/\/www.instagram.com\/cariri_em_acao\/?hl=pt-br\"><strong>Instagram<\/strong><\/a><strong>\u00a0e\u00a0<\/strong><a href=\"https:\/\/www.youtube.com\/channel\/UCAptA0jQuYQy8vMhLt2m4qg\"><strong>Youtube<\/strong><\/a><strong>\u00a0e veja nossas mat\u00e9rias, v\u00eddeos e fotos. Voc\u00ea tamb\u00e9m pode enviar informa\u00e7\u00f5es \u00e0 Reda\u00e7\u00e3o do Portal Cariri em A\u00e7\u00e3o pelo WhatsApp (83) 9 9634.5791, (83) 9 9601-1162.<\/strong><\/p>\n","protected":false},"excerpt":{"rendered":"<p>O presidente Michel Temer e o ministro do Meio Ambiente, Sarney Filho, participaram ontem (12) do lan\u00e7amento do processo de Convers\u00e3o de Multas Ambientais em&hellip; <\/p>\n","protected":false},"author":2,"featured_media":43965,"comment_status":"closed","ping_status":"closed","sticky":false,"template":"","format":"standard","meta":{"sfsi_plus_gutenberg_text_before_share":"","sfsi_plus_gutenberg_show_text_before_share":"","sfsi_plus_gutenberg_icon_type":"","sfsi_plus_gutenberg_icon_alignemt":"","sfsi_plus_gutenburg_max_per_row":"","footnotes":""},"categories":[2],"tags":[],"class_list":["post-43964","post","type-post","status-publish","format-standard","has-post-thumbnail","hentry","category-geral"],"_links":{"self":[{"href":"https:\/\/www.caririemacao.com\/1\/wp-json\/wp\/v2\/posts\/43964","targetHints":{"allow":["GET"]}}],"collection":[{"href":"https:\/\/www.caririemacao.com\/1\/wp-json\/wp\/v2\/posts"}],"about":[{"href":"https:\/\/www.caririemacao.com\/1\/wp-json\/wp\/v2\/types\/post"}],"author":[{"embeddable":true,"href":"https:\/\/www.caririemacao.com\/1\/wp-json\/wp\/v2\/users\/2"}],"replies":[{"embeddable":true,"href":"https:\/\/www.caririemacao.com\/1\/wp-json\/wp\/v2\/comments?post=43964"}],"version-history":[{"count":0,"href":"https:\/\/www.caririemacao.com\/1\/wp-json\/wp\/v2\/posts\/43964\/revisions"}],"wp:featuredmedia":[{"embeddable":true,"href":"https:\/\/www.caririemacao.com\/1\/wp-json\/wp\/v2\/media\/43965"}],"wp:attachment":[{"href":"https:\/\/www.caririemacao.com\/1\/wp-json\/wp\/v2\/media?parent=43964"}],"wp:term":[{"taxonomy":"category","embeddable":true,"href":"https:\/\/www.caririemacao.com\/1\/wp-json\/wp\/v2\/categories?post=43964"},{"taxonomy":"post_tag","embeddable":true,"href":"https:\/\/www.caririemacao.com\/1\/wp-json\/wp\/v2\/tags?post=43964"}],"curies":[{"name":"wp","href":"https:\/\/api.w.org\/{rel}","templated":true}]}}