{"id":43969,"date":"2018-03-13T05:12:08","date_gmt":"2018-03-13T08:12:08","guid":{"rendered":"http:\/\/caririemacao.com\/1\/?p=43969"},"modified":"2018-03-13T08:40:21","modified_gmt":"2018-03-13T11:40:21","slug":"temer-libera-r-64-mi-para-cidades-da-pb","status":"publish","type":"post","link":"https:\/\/www.caririemacao.com\/1\/2018\/03\/13\/temer-libera-r-64-mi-para-cidades-da-pb\/","title":{"rendered":"Temer libera R$ 64 mi para cidades da PB"},"content":{"rendered":"<p>O presidente Michel Temer (MDB) sancionou, nesta segunda-feira (12), o projeto aprovado no Congresso Nacional que libera R$ 64 milh\u00f5es para munic\u00edpios paraibanos. O valor dever\u00e1 ser creditado entre os dias 20 e 25 deste m\u00eas.<\/p>\n<p>Segundo projeto, o valor ser\u00e1 destinado para todas as 223 cidades do estado e aplicado em a\u00e7\u00f5es para Sa\u00fade, Educa\u00e7\u00e3o e Assist\u00eancia Social. Jo\u00e3o Pessoa e Campina Grande dever\u00e3o receber as maiores quantias.<\/p>\n<p>Para todo Brasil, o presidente liberou o cr\u00e9dito de R$ 2 bilh\u00f5es.\u00a0A verba estava prevista em medida provis\u00f3ria editada pelo governo federal no final de dezembro do ano passado, que autoriza a Uni\u00e3o a transferir aos entes federativos que recebem o Fundo de Participa\u00e7\u00e3o dos Munic\u00edpios (FPM) recursos destinados \u00e0 supera\u00e7\u00e3o de dificuldades financeiras emergenciais.<\/p>\n<p><strong>CARIRI EM A\u00c7\u00c3O<\/strong><\/p>\n<p><em>Com Mais PB\/Foto: Reprodu\u00e7\u00e3o Internet<\/em><\/p>\n<p><strong>Leia mais not\u00edcias em\u00a0<\/strong><a href=\"http:\/\/www.caririemacao.com\/\"><strong>caririemacao.com<\/strong><\/a><strong>, siga nossa p\u00e1gina no\u00a0<\/strong><a href=\"https:\/\/www.facebook.com\/CaririEmAcao\/?ref=aymt_homepage_panel\"><strong>Facebook<\/strong><\/a>,<strong>\u00a0<\/strong><a href=\"https:\/\/www.instagram.com\/cariri_em_acao\/?hl=pt-br\"><strong>Instagram<\/strong><\/a><strong>\u00a0e\u00a0<\/strong><a href=\"https:\/\/www.youtube.com\/channel\/UCAptA0jQuYQy8vMhLt2m4qg\"><strong>Youtube<\/strong><\/a><strong>\u00a0e veja nossas mat\u00e9rias, v\u00eddeos e fotos. Voc\u00ea tamb\u00e9m pode enviar informa\u00e7\u00f5es \u00e0 Reda\u00e7\u00e3o do Portal Cariri em A\u00e7\u00e3o pelo WhatsApp (83) 9 9634.5791, (83) 9 9601-1162.<\/strong><\/p>\n","protected":false},"excerpt":{"rendered":"<p>O presidente Michel Temer (MDB) sancionou, nesta segunda-feira (12), o projeto aprovado no Congresso Nacional que libera R$ 64 milh\u00f5es para munic\u00edpios paraibanos. O valor&hellip; <\/p>\n","protected":false},"author":2,"featured_media":36057,"comment_status":"closed","ping_status":"closed","sticky":false,"template":"","format":"standard","meta":{"sfsi_plus_gutenberg_text_before_share":"","sfsi_plus_gutenberg_show_text_before_share":"","sfsi_plus_gutenberg_icon_type":"","sfsi_plus_gutenberg_icon_alignemt":"","sfsi_plus_gutenburg_max_per_row":"","footnotes":""},"categories":[11],"tags":[],"class_list":["post-43969","post","type-post","status-publish","format-standard","has-post-thumbnail","hentry","category-politica"],"_links":{"self":[{"href":"https:\/\/www.caririemacao.com\/1\/wp-json\/wp\/v2\/posts\/43969","targetHints":{"allow":["GET"]}}],"collection":[{"href":"https:\/\/www.caririemacao.com\/1\/wp-json\/wp\/v2\/posts"}],"about":[{"href":"https:\/\/www.caririemacao.com\/1\/wp-json\/wp\/v2\/types\/post"}],"author":[{"embeddable":true,"href":"https:\/\/www.caririemacao.com\/1\/wp-json\/wp\/v2\/users\/2"}],"replies":[{"embeddable":true,"href":"https:\/\/www.caririemacao.com\/1\/wp-json\/wp\/v2\/comments?post=43969"}],"version-history":[{"count":0,"href":"https:\/\/www.caririemacao.com\/1\/wp-json\/wp\/v2\/posts\/43969\/revisions"}],"wp:featuredmedia":[{"embeddable":true,"href":"https:\/\/www.caririemacao.com\/1\/wp-json\/wp\/v2\/media\/36057"}],"wp:attachment":[{"href":"https:\/\/www.caririemacao.com\/1\/wp-json\/wp\/v2\/media?parent=43969"}],"wp:term":[{"taxonomy":"category","embeddable":true,"href":"https:\/\/www.caririemacao.com\/1\/wp-json\/wp\/v2\/categories?post=43969"},{"taxonomy":"post_tag","embeddable":true,"href":"https:\/\/www.caririemacao.com\/1\/wp-json\/wp\/v2\/tags?post=43969"}],"curies":[{"name":"wp","href":"https:\/\/api.w.org\/{rel}","templated":true}]}}