{"id":43974,"date":"2018-03-13T08:22:33","date_gmt":"2018-03-13T11:22:33","guid":{"rendered":"http:\/\/caririemacao.com\/1\/?p=43974"},"modified":"2018-03-13T08:22:33","modified_gmt":"2018-03-13T11:22:33","slug":"temer-quer-mudar-nome-do-bolsa-familia-para-desvincular-programa-do-pt","status":"publish","type":"post","link":"https:\/\/www.caririemacao.com\/1\/2018\/03\/13\/temer-quer-mudar-nome-do-bolsa-familia-para-desvincular-programa-do-pt\/","title":{"rendered":"Temer quer mudar nome do Bolsa Fam\u00edlia para desvincular programa do PT"},"content":{"rendered":"<p><span class=\"news_capital_letter\">O\u00a0<\/span>presidente Michel Temer vem se reunindo com integrantes do Minist\u00e9rio do Desenvolvimento Social para discutir uma poss\u00edvel mudan\u00e7a no nome do Bolsa Fam\u00edlia. O objetivo seria tentar desvincular o programa do PT, criador do benef\u00edcio no primeiro ano do mandato de Lula. Uma das op\u00e7\u00f5es j\u00e1 apresentadas foi Bolsa Dignidade.<\/p>\n<p>Ao jornal O Estado de S. Paulo, o ministro Osmar Terra disse que a medida n\u00e3o tem inten\u00e7\u00f5es eleitorais, negando que ela poderia minar o Partido dos Trabalhadores junto a uma parcela representativa de eleitores. &#8220;A ideia \u00e9 mostrar que n\u00e3o \u00e9 s\u00f3 transfer\u00eancia de renda. Queremos dar um sentido mais din\u00e2mico&#8221;, garantiu Terra.<\/p>\n<p>Uma possibilidade alternativa \u00e0 mudan\u00e7a total seria agregar uma palavra nova \u00e0 marca Bolsa Fam\u00edlia.<\/p>\n<p><strong>CARIRI EM A\u00c7\u00c3O<\/strong><\/p>\n<p><em>Com Pol\u00edtica ao Minuto\/Foto: Pol\u00edtica ao Minuto<\/em><\/p>\n<p><strong>Leia mais not\u00edcias em\u00a0<\/strong><a href=\"http:\/\/www.caririemacao.com\/\"><strong>caririemacao.com<\/strong><\/a><strong>, siga nossa p\u00e1gina no\u00a0<\/strong><a href=\"https:\/\/www.facebook.com\/CaririEmAcao\/?ref=aymt_homepage_panel\"><strong>Facebook<\/strong><\/a>,<strong>\u00a0<\/strong><a href=\"https:\/\/www.instagram.com\/cariri_em_acao\/?hl=pt-br\"><strong>Instagram<\/strong><\/a><strong>\u00a0e\u00a0<\/strong><a href=\"https:\/\/www.youtube.com\/channel\/UCAptA0jQuYQy8vMhLt2m4qg\"><strong>Youtube<\/strong><\/a><strong>\u00a0e veja nossas mat\u00e9rias, v\u00eddeos e fotos. Voc\u00ea tamb\u00e9m pode enviar informa\u00e7\u00f5es \u00e0 Reda\u00e7\u00e3o do Portal Cariri em A\u00e7\u00e3o pelo WhatsApp (83) 9 9634.5791, (83) 9 9601-1162.<\/strong><\/p>\n","protected":false},"excerpt":{"rendered":"<p>O\u00a0presidente Michel Temer vem se reunindo com integrantes do Minist\u00e9rio do Desenvolvimento Social para discutir uma poss\u00edvel mudan\u00e7a no nome do Bolsa Fam\u00edlia. O objetivo&hellip; <\/p>\n","protected":false},"author":2,"featured_media":43975,"comment_status":"closed","ping_status":"closed","sticky":false,"template":"","format":"standard","meta":{"sfsi_plus_gutenberg_text_before_share":"","sfsi_plus_gutenberg_show_text_before_share":"","sfsi_plus_gutenberg_icon_type":"","sfsi_plus_gutenberg_icon_alignemt":"","sfsi_plus_gutenburg_max_per_row":"","footnotes":""},"categories":[11],"tags":[],"class_list":["post-43974","post","type-post","status-publish","format-standard","has-post-thumbnail","hentry","category-politica"],"_links":{"self":[{"href":"https:\/\/www.caririemacao.com\/1\/wp-json\/wp\/v2\/posts\/43974","targetHints":{"allow":["GET"]}}],"collection":[{"href":"https:\/\/www.caririemacao.com\/1\/wp-json\/wp\/v2\/posts"}],"about":[{"href":"https:\/\/www.caririemacao.com\/1\/wp-json\/wp\/v2\/types\/post"}],"author":[{"embeddable":true,"href":"https:\/\/www.caririemacao.com\/1\/wp-json\/wp\/v2\/users\/2"}],"replies":[{"embeddable":true,"href":"https:\/\/www.caririemacao.com\/1\/wp-json\/wp\/v2\/comments?post=43974"}],"version-history":[{"count":0,"href":"https:\/\/www.caririemacao.com\/1\/wp-json\/wp\/v2\/posts\/43974\/revisions"}],"wp:featuredmedia":[{"embeddable":true,"href":"https:\/\/www.caririemacao.com\/1\/wp-json\/wp\/v2\/media\/43975"}],"wp:attachment":[{"href":"https:\/\/www.caririemacao.com\/1\/wp-json\/wp\/v2\/media?parent=43974"}],"wp:term":[{"taxonomy":"category","embeddable":true,"href":"https:\/\/www.caririemacao.com\/1\/wp-json\/wp\/v2\/categories?post=43974"},{"taxonomy":"post_tag","embeddable":true,"href":"https:\/\/www.caririemacao.com\/1\/wp-json\/wp\/v2\/tags?post=43974"}],"curies":[{"name":"wp","href":"https:\/\/api.w.org\/{rel}","templated":true}]}}