{"id":43977,"date":"2018-03-13T08:35:42","date_gmt":"2018-03-13T11:35:42","guid":{"rendered":"http:\/\/caririemacao.com\/1\/?p=43977"},"modified":"2018-03-13T08:35:42","modified_gmt":"2018-03-13T11:35:42","slug":"deputados-prefeitos-e-liderancas-pedem-reabertura-do-banco-do-brasil-de-taperoa","status":"publish","type":"post","link":"https:\/\/www.caririemacao.com\/1\/2018\/03\/13\/deputados-prefeitos-e-liderancas-pedem-reabertura-do-banco-do-brasil-de-taperoa\/","title":{"rendered":"Deputados, prefeitos e lideran\u00e7as pedem reabertura do Banco do Brasil de Tapero\u00e1"},"content":{"rendered":"<p>O deputado estadual Genival Matias (Avante) integrou uma comitiva de pol\u00edticos que se reuniu nesta segunda-feira (12) com a superintendente regional do Banco do Brasil na Para\u00edba, Maristela de Oliveira Sales, para buscar uma solu\u00e7\u00e3o para a reabertura da ag\u00eancia da cidade de Tapero\u00e1, no Cariri do estado, que foi explodida em 2016 por assaltantes.<\/p>\n<p>Genival Matias lamentou a situa\u00e7\u00e3o que Tapero\u00e1 vive e disse que a ousadia da bandidagem prejudica institui\u00e7\u00f5es banc\u00e1rias Brasil afora, n\u00e3o sendo uma problem\u00e1tica inerente somente da Para\u00edba. O deputado assumiu o compromisso de lutar para providenciar a reabertura da ag\u00eancia, pois a popula\u00e7\u00e3o e o com\u00e9rcio local s\u00e3o os maiores prejudicados.<\/p>\n<p>\u201cDesde o ano passado que lutamos para que Tapero\u00e1 volte a ter uma ag\u00eancia do Banco do Brasil. Nesta segunda, participei de uma audi\u00eancia com a superintendente do banco, ao lado do prefeito Jurandi Gouveia, deputados, vereadores e lideran\u00e7as da cidade. Dorgival Vilar, ex-candidato a vice-prefeito e diretor nacional da CONTEC, esteve presente no encontro. Juntos mostramos a import\u00e2ncia de Tapero\u00e1 ter de volta a ag\u00eancia do BB. Vamos continuar unidos e nos empenhar ainda mais para reabri-la, assim como junto com o prefeito fizemos em Juazeirinho onde o Banco voltou a operar, farei o mesmo por Tapero\u00e1\u201d, explicou o deputado.<\/p>\n<p>O parlamentar falou que ficou definido na reuni\u00e3o que seria feito um levantamento de dados para sensibilizar a presid\u00eancia nacional do Banco do Brasil, no intuito de atender todas as exig\u00eancias para reabrir a ag\u00eancia o mais r\u00e1pido poss\u00edvel.<\/p>\n<p>\u201cAcreditamos que vai dar certo. Essa situa\u00e7\u00e3o precisa ser resolvida o quanto antes para evitar que os preju\u00edzos sejam ainda maiores. Precisamos unir for\u00e7as porque sabemos que o fechamento do banco trouxe preju\u00edzos para a economia de Tapero\u00e1 e transtornos para toda uma popula\u00e7\u00e3o da cidade, principalmente a mais carente\u201d, frisou o deputado.<\/p>\n<p>Tamb\u00e9m participaram da reuni\u00e3o os deputados estaduais Adriano Galdino, Ant\u00f4nio Mineral e Manoel Ludg\u00e9rio, o vereador de Jo\u00e3o Pessoa, Marcos Henriques, o presidente do Sindicado dos Banc\u00e1rios da Para\u00edba, Marcelo Alves, o presidente do sindicato dos banc\u00e1rios de CG e regi\u00e3o, Rostand Lucena e representante da secretaria de seguran\u00e7a do Estado.<\/p>\n<p><strong>CARIRI EM A\u00c7\u00c3O<\/strong><\/p>\n<p><em>Com Ascom\/Foto:\u00a0Ascom<\/em><\/p>\n<p><strong>Leia mais not\u00edcias em\u00a0<\/strong><a href=\"http:\/\/www.caririemacao.com\/\"><strong>caririemacao.com<\/strong><\/a><strong>, siga nossa p\u00e1gina no\u00a0<\/strong><a href=\"https:\/\/www.facebook.com\/CaririEmAcao\/?ref=aymt_homepage_panel\"><strong>Facebook<\/strong><\/a>,<strong>\u00a0<\/strong><a href=\"https:\/\/www.instagram.com\/cariri_em_acao\/?hl=pt-br\"><strong>Instagram<\/strong><\/a><strong>\u00a0e\u00a0<\/strong><a href=\"https:\/\/www.youtube.com\/channel\/UCAptA0jQuYQy8vMhLt2m4qg\"><strong>Youtube<\/strong><\/a><strong>\u00a0e veja nossas mat\u00e9rias, v\u00eddeos e fotos. Voc\u00ea tamb\u00e9m pode enviar informa\u00e7\u00f5es \u00e0 Reda\u00e7\u00e3o do Portal Cariri em A\u00e7\u00e3o pelo WhatsApp (83) 9 9634.5791, (83) 9 9601-1162.<\/strong><\/p>\n","protected":false},"excerpt":{"rendered":"<p>O deputado estadual Genival Matias (Avante) integrou uma comitiva de pol\u00edticos que se reuniu nesta segunda-feira (12) com a superintendente regional do Banco do Brasil&hellip; <\/p>\n","protected":false},"author":2,"featured_media":43978,"comment_status":"closed","ping_status":"closed","sticky":false,"template":"","format":"standard","meta":{"sfsi_plus_gutenberg_text_before_share":"","sfsi_plus_gutenberg_show_text_before_share":"","sfsi_plus_gutenberg_icon_type":"","sfsi_plus_gutenberg_icon_alignemt":"","sfsi_plus_gutenburg_max_per_row":"","footnotes":""},"categories":[11],"tags":[],"class_list":["post-43977","post","type-post","status-publish","format-standard","has-post-thumbnail","hentry","category-politica"],"_links":{"self":[{"href":"https:\/\/www.caririemacao.com\/1\/wp-json\/wp\/v2\/posts\/43977","targetHints":{"allow":["GET"]}}],"collection":[{"href":"https:\/\/www.caririemacao.com\/1\/wp-json\/wp\/v2\/posts"}],"about":[{"href":"https:\/\/www.caririemacao.com\/1\/wp-json\/wp\/v2\/types\/post"}],"author":[{"embeddable":true,"href":"https:\/\/www.caririemacao.com\/1\/wp-json\/wp\/v2\/users\/2"}],"replies":[{"embeddable":true,"href":"https:\/\/www.caririemacao.com\/1\/wp-json\/wp\/v2\/comments?post=43977"}],"version-history":[{"count":0,"href":"https:\/\/www.caririemacao.com\/1\/wp-json\/wp\/v2\/posts\/43977\/revisions"}],"wp:featuredmedia":[{"embeddable":true,"href":"https:\/\/www.caririemacao.com\/1\/wp-json\/wp\/v2\/media\/43978"}],"wp:attachment":[{"href":"https:\/\/www.caririemacao.com\/1\/wp-json\/wp\/v2\/media?parent=43977"}],"wp:term":[{"taxonomy":"category","embeddable":true,"href":"https:\/\/www.caririemacao.com\/1\/wp-json\/wp\/v2\/categories?post=43977"},{"taxonomy":"post_tag","embeddable":true,"href":"https:\/\/www.caririemacao.com\/1\/wp-json\/wp\/v2\/tags?post=43977"}],"curies":[{"name":"wp","href":"https:\/\/api.w.org\/{rel}","templated":true}]}}