{"id":43986,"date":"2018-03-13T08:54:10","date_gmt":"2018-03-13T11:54:10","guid":{"rendered":"http:\/\/caririemacao.com\/1\/?p=43986"},"modified":"2018-03-13T09:13:49","modified_gmt":"2018-03-13T12:13:49","slug":"medico-e-mordido-no-pescoco-por-paciente-na-upa","status":"publish","type":"post","link":"https:\/\/www.caririemacao.com\/1\/2018\/03\/13\/medico-e-mordido-no-pescoco-por-paciente-na-upa\/","title":{"rendered":"M\u00e9dico \u00e9 mordido no pesco\u00e7o por paciente na UPA"},"content":{"rendered":"<p>Uma briga entre paciente e funcion\u00e1rios em uma Unidade de Pronto Atendimento (UPA) no bairro de Cruz das Armas, em Jo\u00e3o Pessoa, acabou terminando na Central de Pol\u00edcia. A confus\u00e3o aconteceu na noite dessa segunda-feira (12).<\/p>\n<p>A discuss\u00e3o teria come\u00e7ado logo quando o paciente chegou. De acordo com funcion\u00e1rios da UPA, ele j\u00e1 chegou \u00e0 unidade agitado, juntamente com a fam\u00edlia. O paciente estava com suspeita de infarto, e ao ser encaminhado e medicado, chegou a arrancar o soro com os dentes, e ainda tentou agredir uma das enfermeiras.<\/p>\n<p>Ainda segundo funcion\u00e1rios, o m\u00e9dico que estava de plant\u00e3o tentou conter o paciente e foi mordido no pesco\u00e7o. A Pol\u00edcia ent\u00e3o foi acionada e os envolvidos foram at\u00e9 a Central de Pol\u00edcias prestar esclarecimentos.<\/p>\n<p><strong>CARIRI EM A\u00c7\u00c3O<\/strong><\/p>\n<p><em>Com Mais PB\/Foto:\u00a0Mais PB<\/em><\/p>\n<p><strong>Leia mais not\u00edcias em\u00a0<\/strong><a href=\"http:\/\/www.caririemacao.com\/\"><strong>caririemacao.com<\/strong><\/a><strong>, siga nossa p\u00e1gina no\u00a0<\/strong><a href=\"https:\/\/www.facebook.com\/CaririEmAcao\/?ref=aymt_homepage_panel\"><strong>Facebook<\/strong><\/a>,<strong>\u00a0<\/strong><a href=\"https:\/\/www.instagram.com\/cariri_em_acao\/?hl=pt-br\"><strong>Instagram<\/strong><\/a><strong>\u00a0e\u00a0<\/strong><a href=\"https:\/\/www.youtube.com\/channel\/UCAptA0jQuYQy8vMhLt2m4qg\"><strong>Youtube<\/strong><\/a><strong>\u00a0e veja nossas mat\u00e9rias, v\u00eddeos e fotos. Voc\u00ea tamb\u00e9m pode enviar informa\u00e7\u00f5es \u00e0 Reda\u00e7\u00e3o do Portal Cariri em A\u00e7\u00e3o pelo WhatsApp (83) 9 9634.5791, (83) 9 9601-1162.<\/strong><\/p>\n","protected":false},"excerpt":{"rendered":"<p>Uma briga entre paciente e funcion\u00e1rios em uma Unidade de Pronto Atendimento (UPA) no bairro de Cruz das Armas, em Jo\u00e3o Pessoa, acabou terminando na&hellip; <\/p>\n","protected":false},"author":2,"featured_media":43994,"comment_status":"closed","ping_status":"closed","sticky":false,"template":"","format":"standard","meta":{"sfsi_plus_gutenberg_text_before_share":"","sfsi_plus_gutenberg_show_text_before_share":"","sfsi_plus_gutenberg_icon_type":"","sfsi_plus_gutenberg_icon_alignemt":"","sfsi_plus_gutenburg_max_per_row":"","footnotes":""},"categories":[12],"tags":[],"class_list":["post-43986","post","type-post","status-publish","format-standard","has-post-thumbnail","hentry","category-policia"],"_links":{"self":[{"href":"https:\/\/www.caririemacao.com\/1\/wp-json\/wp\/v2\/posts\/43986","targetHints":{"allow":["GET"]}}],"collection":[{"href":"https:\/\/www.caririemacao.com\/1\/wp-json\/wp\/v2\/posts"}],"about":[{"href":"https:\/\/www.caririemacao.com\/1\/wp-json\/wp\/v2\/types\/post"}],"author":[{"embeddable":true,"href":"https:\/\/www.caririemacao.com\/1\/wp-json\/wp\/v2\/users\/2"}],"replies":[{"embeddable":true,"href":"https:\/\/www.caririemacao.com\/1\/wp-json\/wp\/v2\/comments?post=43986"}],"version-history":[{"count":0,"href":"https:\/\/www.caririemacao.com\/1\/wp-json\/wp\/v2\/posts\/43986\/revisions"}],"wp:featuredmedia":[{"embeddable":true,"href":"https:\/\/www.caririemacao.com\/1\/wp-json\/wp\/v2\/media\/43994"}],"wp:attachment":[{"href":"https:\/\/www.caririemacao.com\/1\/wp-json\/wp\/v2\/media?parent=43986"}],"wp:term":[{"taxonomy":"category","embeddable":true,"href":"https:\/\/www.caririemacao.com\/1\/wp-json\/wp\/v2\/categories?post=43986"},{"taxonomy":"post_tag","embeddable":true,"href":"https:\/\/www.caririemacao.com\/1\/wp-json\/wp\/v2\/tags?post=43986"}],"curies":[{"name":"wp","href":"https:\/\/api.w.org\/{rel}","templated":true}]}}