{"id":43990,"date":"2018-03-13T09:11:29","date_gmt":"2018-03-13T12:11:29","guid":{"rendered":"http:\/\/caririemacao.com\/1\/?p=43990"},"modified":"2018-03-13T09:11:29","modified_gmt":"2018-03-13T12:11:29","slug":"meirelles-diz-que-juros-podem-cair-mais","status":"publish","type":"post","link":"https:\/\/www.caririemacao.com\/1\/2018\/03\/13\/meirelles-diz-que-juros-podem-cair-mais\/","title":{"rendered":"Meirelles diz que juros podem cair mais"},"content":{"rendered":"<p>O ministro da Fazenda, Henrique Meirelles, considerou que o Banco Central pode cortar novamente a Selic na pr\u00f3xima reuni\u00e3o do Conselho de Pol\u00edtica Monet\u00e1ria (Copom). Atualmente, a taxa b\u00e1sica de juros est\u00e1 em 6,75% ao ano. &#8220;A taxa Selic j\u00e1 est\u00e1 no n\u00edvel mais baixo da hist\u00f3ria e pode cair mais uma vez. Vamos aguardar a decis\u00e3o do Banco Central&#8221;, afirmou o ministro.<\/p>\n<p>Pesquisa preliminar do Proje\u00e7\u00f5es Broadcast mostrou que boa parte do mercado (33 de 36 casas ouvidas) acredita que o Copom ir\u00e1 reduzir o juro de 6,75% para 6,50% em mar\u00e7o. J\u00e1 tr\u00eas entrevistados avaliam que a taxa permanecer\u00e1 em 6,75%.<\/p>\n<p>Para 26 institui\u00e7\u00f5es, a queda esperada para este m\u00eas deve ser a \u00faltima do ciclo, enquanto 5 casas preveem que o BC poder\u00e1 dar continuidade ao processo de flexibiliza\u00e7\u00e3o monet\u00e1ria.<\/p>\n<p>Meirelles voltou a destacar a queda da infla\u00e7\u00e3o e retomada do crescimento da economia brasileira ap\u00f3s a recess\u00e3o. No ano passado, o Produto Interno Bruto (PIB) cresceu 1% e a infla\u00e7\u00e3o medida pelo \u00cdndice Nacional de Pre\u00e7os ao Consumidor Amplo (IPCA) ficou em 2,95%.<\/p>\n<p>&#8220;O Brasil hoje cresce muito e agricultura \u00e9 setor que ajuda bastante. A agricultura foi o primeiro setor que deu impulso \u00e0 retomada com a safra anterior e tenho certeza que a pr\u00f3xima tamb\u00e9m ser\u00e1 positiva&#8221;, avaliou, em discurso no evento Gazeta Agro.<\/p>\n<p>Ele apontou dados espec\u00edficos sobre a produ\u00e7\u00e3o de alimentos no Mato Grosso. &#8220;A ind\u00fastria e os servi\u00e7os tamb\u00e9m j\u00e1 est\u00e3o crescendo novamente&#8221;, completou.<\/p>\n<p>Meirelles apontou que o consumo do governo caiu em 2017. Segundo ele, a redu\u00e7\u00e3o no consumo p\u00fablico amplia o espa\u00e7o para os investimentos. &#8220;O governo est\u00e1 fazendo o dever de casa. Ao contr\u00e1rio do governo anterior, estamos fazendo uma administra\u00e7\u00e3o fiscal rigorosa, permitindo que o Pa\u00eds cres\u00e7a&#8221;, acrescentou.<\/p>\n<p>O ministro ainda mostrou dados sobre a popula\u00e7\u00e3o ocupada no Pa\u00eds e voltou a projetar que o Brasil criar\u00e1 2,5 milh\u00f5es de empregos em 2018. &#8220;Chegaremos ao fim do ano com mais brasileiros empregados do que em qualquer momento da hist\u00f3ria do Pa\u00eds&#8221;, prometeu. Com informa\u00e7\u00f5es do Estad\u00e3o Conte\u00fado.<\/p>\n<p><strong>CARIRI EM A\u00c7\u00c3O<\/strong><\/p>\n<p><em>Com Not\u00edcias ao Minuto\/Foto: Reprodu\u00e7\u00e3o Internet<\/em><\/p>\n<p><strong>Leia mais not\u00edcias em\u00a0<\/strong><a href=\"http:\/\/www.caririemacao.com\/\"><strong>caririemacao.com<\/strong><\/a><strong>, siga nossa p\u00e1gina no\u00a0<\/strong><a href=\"https:\/\/www.facebook.com\/CaririEmAcao\/?ref=aymt_homepage_panel\"><strong>Facebook<\/strong><\/a>,<strong>\u00a0<\/strong><a href=\"https:\/\/www.instagram.com\/cariri_em_acao\/?hl=pt-br\"><strong>Instagram<\/strong><\/a><strong>\u00a0e\u00a0<\/strong><a href=\"https:\/\/www.youtube.com\/channel\/UCAptA0jQuYQy8vMhLt2m4qg\"><strong>Youtube<\/strong><\/a><strong>\u00a0e veja nossas mat\u00e9rias, v\u00eddeos e fotos. Voc\u00ea tamb\u00e9m pode enviar informa\u00e7\u00f5es \u00e0 Reda\u00e7\u00e3o do Portal Cariri em A\u00e7\u00e3o pelo WhatsApp (83) 9 9634.5791, (83) 9 9601-1162.<\/strong><\/p>\n","protected":false},"excerpt":{"rendered":"<p>O ministro da Fazenda, Henrique Meirelles, considerou que o Banco Central pode cortar novamente a Selic na pr\u00f3xima reuni\u00e3o do Conselho de Pol\u00edtica Monet\u00e1ria (Copom).&hellip; <\/p>\n","protected":false},"author":2,"featured_media":43991,"comment_status":"closed","ping_status":"closed","sticky":false,"template":"","format":"standard","meta":{"sfsi_plus_gutenberg_text_before_share":"","sfsi_plus_gutenberg_show_text_before_share":"","sfsi_plus_gutenberg_icon_type":"","sfsi_plus_gutenberg_icon_alignemt":"","sfsi_plus_gutenburg_max_per_row":"","footnotes":""},"categories":[2],"tags":[],"class_list":["post-43990","post","type-post","status-publish","format-standard","has-post-thumbnail","hentry","category-geral"],"_links":{"self":[{"href":"https:\/\/www.caririemacao.com\/1\/wp-json\/wp\/v2\/posts\/43990","targetHints":{"allow":["GET"]}}],"collection":[{"href":"https:\/\/www.caririemacao.com\/1\/wp-json\/wp\/v2\/posts"}],"about":[{"href":"https:\/\/www.caririemacao.com\/1\/wp-json\/wp\/v2\/types\/post"}],"author":[{"embeddable":true,"href":"https:\/\/www.caririemacao.com\/1\/wp-json\/wp\/v2\/users\/2"}],"replies":[{"embeddable":true,"href":"https:\/\/www.caririemacao.com\/1\/wp-json\/wp\/v2\/comments?post=43990"}],"version-history":[{"count":0,"href":"https:\/\/www.caririemacao.com\/1\/wp-json\/wp\/v2\/posts\/43990\/revisions"}],"wp:featuredmedia":[{"embeddable":true,"href":"https:\/\/www.caririemacao.com\/1\/wp-json\/wp\/v2\/media\/43991"}],"wp:attachment":[{"href":"https:\/\/www.caririemacao.com\/1\/wp-json\/wp\/v2\/media?parent=43990"}],"wp:term":[{"taxonomy":"category","embeddable":true,"href":"https:\/\/www.caririemacao.com\/1\/wp-json\/wp\/v2\/categories?post=43990"},{"taxonomy":"post_tag","embeddable":true,"href":"https:\/\/www.caririemacao.com\/1\/wp-json\/wp\/v2\/tags?post=43990"}],"curies":[{"name":"wp","href":"https:\/\/api.w.org\/{rel}","templated":true}]}}