{"id":44000,"date":"2018-03-13T10:24:51","date_gmt":"2018-03-13T13:24:51","guid":{"rendered":"http:\/\/caririemacao.com\/1\/?p=44000"},"modified":"2018-03-13T10:47:31","modified_gmt":"2018-03-13T13:47:31","slug":"sume-se-despede-do-ex-prefeito-leonardo","status":"publish","type":"post","link":"https:\/\/www.caririemacao.com\/1\/2018\/03\/13\/sume-se-despede-do-ex-prefeito-leonardo\/","title":{"rendered":"Sum\u00e9 se despede do ex-prefeito Leonardo"},"content":{"rendered":"<p>A popula\u00e7\u00e3o se despediu na manh\u00e3 desta ter\u00e7a-feira, 13, de um dos grandes l\u00edderes pol\u00edticos da hist\u00f3ria sumeense, quando participou do sepultamento do corpo do ex-prefeito Leonardo Guilherme.<\/p>\n<p><a href=\"http:\/\/caririemacao.com\/1\/?attachment_id=44002\" rel=\"attachment wp-att-44002\"><img fetchpriority=\"high\" decoding=\"async\" class=\"aligncenter size-full wp-image-44002\" src=\"http:\/\/caririemacao.com\/1\/wp-content\/uploads\/2018\/03\/DSC_0015.jpg\" alt=\"\" width=\"800\" height=\"533\" srcset=\"https:\/\/www.caririemacao.com\/1\/wp-content\/uploads\/2018\/03\/DSC_0015.jpg 800w, https:\/\/www.caririemacao.com\/1\/wp-content\/uploads\/2018\/03\/DSC_0015-300x200.jpg 300w, https:\/\/www.caririemacao.com\/1\/wp-content\/uploads\/2018\/03\/DSC_0015-768x512.jpg 768w\" sizes=\"(max-width: 800px) 100vw, 800px\" \/><\/a><\/p>\n<p>Ele\u00a0faleceu na manh\u00e3 desta segunda-feira, dia 12. O vel\u00f3rio aconteceu na Central de Vel\u00f3rio de Sum\u00e9 e o sepultamento foi \u00e0s 9h15.<\/p>\n<p><a href=\"http:\/\/caririemacao.com\/1\/?attachment_id=44006\" rel=\"attachment wp-att-44006\"><img decoding=\"async\" class=\"aligncenter size-full wp-image-44006 lazyload\" data-src=\"http:\/\/caririemacao.com\/1\/wp-content\/uploads\/2018\/03\/DSC_0005.jpg\" alt=\"\" width=\"800\" height=\"533\" data-srcset=\"https:\/\/www.caririemacao.com\/1\/wp-content\/uploads\/2018\/03\/DSC_0005.jpg 800w, https:\/\/www.caririemacao.com\/1\/wp-content\/uploads\/2018\/03\/DSC_0005-300x200.jpg 300w, https:\/\/www.caririemacao.com\/1\/wp-content\/uploads\/2018\/03\/DSC_0005-768x512.jpg 768w\" data-sizes=\"(max-width: 800px) 100vw, 800px\" src=\"data:image\/svg+xml;base64,PHN2ZyB3aWR0aD0iMSIgaGVpZ2h0PSIxIiB4bWxucz0iaHR0cDovL3d3dy53My5vcmcvMjAwMC9zdmciPjwvc3ZnPg==\" style=\"--smush-placeholder-width: 800px; --smush-placeholder-aspect-ratio: 800\/533;\" \/><\/a><\/p>\n<p>No cortejo funebre, uma multid\u00e3o de amigos, familiares e simpatizantes do ex-prefeito acompanharam e fizeram quest\u00e3o de levar seu \u00faltimo adeus.<\/p>\n<p><a href=\"http:\/\/caririemacao.com\/1\/?attachment_id=44002\" rel=\"attachment wp-att-44002\"><img fetchpriority=\"high\" decoding=\"async\" class=\"aligncenter size-full wp-image-44002\" src=\"http:\/\/caririemacao.com\/1\/wp-content\/uploads\/2018\/03\/DSC_0015.jpg\" alt=\"\" width=\"800\" height=\"533\" srcset=\"https:\/\/www.caririemacao.com\/1\/wp-content\/uploads\/2018\/03\/DSC_0015.jpg 800w, https:\/\/www.caririemacao.com\/1\/wp-content\/uploads\/2018\/03\/DSC_0015-300x200.jpg 300w, https:\/\/www.caririemacao.com\/1\/wp-content\/uploads\/2018\/03\/DSC_0015-768x512.jpg 768w\" sizes=\"(max-width: 800px) 100vw, 800px\" \/><\/a><\/p>\n<p>O sepultamento foi marcado por muita emo\u00e7\u00e3o, pois, na condi\u00e7\u00e3o de ex-prefeito, Leonardo Guilherme, contava com o reconhecimento popular por ter feito uma grande gest\u00e3o \u00e0 frente da Prefeitura Municipal entre 1977 a 1983. Ele tamb\u00e9m ocupou cargos de vice-prefeito e secret\u00e1rio Municipal, comandando ainda dire\u00e7\u00e3o do Hospital de Sum\u00e9.<\/p>\n<p>VEJA VIDEOS:<\/p>\n<p><div class=\"ose- ose-uid-6880e99f0a99630ef4ff866617e26e28 ose-embedpress-responsive\" style=\"width:600px; height:550px; max-height:550px; max-width:100%; display:inline-block;\" data-embed-type=\"Facebook\"><iframe allowFullScreen=\"true\" class=\"embera-facebook-iframe-6880e lazyload\" data-src=\"https:\/\/www.facebook.com\/plugins\/post.php?href=https%3A%2F%2Fwww.facebook.com%2FCaririEmAcao%2Fvideos%2F1201441483325206%2F&width=600&height=550&show_text=true\" width=\"600\" height=\"550\" style=\"border:none;overflow:hidden\" scrolling=\"no\" frameborder=\"0\" allowTransparency=\"true\" src=\"data:image\/svg+xml;base64,PHN2ZyB3aWR0aD0iMSIgaGVpZ2h0PSIxIiB4bWxucz0iaHR0cDovL3d3dy53My5vcmcvMjAwMC9zdmciPjwvc3ZnPg==\" data-load-mode=\"1\"><\/iframe><\/div><\/p>\n<p><div class=\"ose- ose-uid-b447e3fa4abdf2cb38107e3ccf14d065 ose-embedpress-responsive\" style=\"width:600px; height:550px; max-height:550px; max-width:100%; display:inline-block;\" data-embed-type=\"Facebook\"><iframe allowFullScreen=\"true\" class=\"embera-facebook-iframe-b447e lazyload\" data-src=\"https:\/\/www.facebook.com\/plugins\/post.php?href=https%3A%2F%2Fwww.facebook.com%2FCaririEmAcao%2Fvideos%2F1201433959992625%2F&width=600&height=550&show_text=true\" width=\"600\" height=\"550\" style=\"border:none;overflow:hidden\" scrolling=\"no\" frameborder=\"0\" allowTransparency=\"true\" src=\"data:image\/svg+xml;base64,PHN2ZyB3aWR0aD0iMSIgaGVpZ2h0PSIxIiB4bWxucz0iaHR0cDovL3d3dy53My5vcmcvMjAwMC9zdmciPjwvc3ZnPg==\" data-load-mode=\"1\"><\/iframe><\/div><\/p>\n<p><strong>CARIRI EM A\u00c7\u00c3O<\/strong><\/p>\n<p><strong>Leia mais not\u00edcias em\u00a0<\/strong><a href=\"http:\/\/www.caririemacao.com\/\"><strong>caririemacao.com<\/strong><\/a><strong>, siga nossa p\u00e1gina no\u00a0<\/strong><a href=\"https:\/\/www.facebook.com\/CaririEmAcao\/?ref=aymt_homepage_panel\"><strong>Facebook<\/strong><\/a>,<strong>\u00a0<\/strong><a href=\"https:\/\/www.instagram.com\/cariri_em_acao\/?hl=pt-br\"><strong>Instagram<\/strong><\/a><strong>\u00a0e <\/strong><a href=\"https:\/\/www.youtube.com\/channel\/UCAptA0jQuYQy8vMhLt2m4qg\"><strong>Youtube<\/strong><\/a><strong>\u00a0e veja nossas mat\u00e9rias, v\u00eddeos e fotos. Voc\u00ea tamb\u00e9m pode enviar informa\u00e7\u00f5es \u00e0 Reda\u00e7\u00e3o do Portal Cariri em A\u00e7\u00e3o pelo WhatsApp (83) 9 9634.5791, (83) 9 9601-1162.<\/strong><\/p>\n","protected":false},"excerpt":{"rendered":"<p>A popula\u00e7\u00e3o se despediu na manh\u00e3 desta ter\u00e7a-feira, 13, de um dos grandes l\u00edderes pol\u00edticos da hist\u00f3ria sumeense, quando participou do sepultamento do corpo do&hellip; <\/p>\n","protected":false},"author":2,"featured_media":44007,"comment_status":"closed","ping_status":"closed","sticky":false,"template":"","format":"standard","meta":{"sfsi_plus_gutenberg_text_before_share":"","sfsi_plus_gutenberg_show_text_before_share":"","sfsi_plus_gutenberg_icon_type":"","sfsi_plus_gutenberg_icon_alignemt":"","sfsi_plus_gutenburg_max_per_row":"","footnotes":""},"categories":[2],"tags":[],"class_list":["post-44000","post","type-post","status-publish","format-standard","has-post-thumbnail","hentry","category-geral"],"_links":{"self":[{"href":"https:\/\/www.caririemacao.com\/1\/wp-json\/wp\/v2\/posts\/44000","targetHints":{"allow":["GET"]}}],"collection":[{"href":"https:\/\/www.caririemacao.com\/1\/wp-json\/wp\/v2\/posts"}],"about":[{"href":"https:\/\/www.caririemacao.com\/1\/wp-json\/wp\/v2\/types\/post"}],"author":[{"embeddable":true,"href":"https:\/\/www.caririemacao.com\/1\/wp-json\/wp\/v2\/users\/2"}],"replies":[{"embeddable":true,"href":"https:\/\/www.caririemacao.com\/1\/wp-json\/wp\/v2\/comments?post=44000"}],"version-history":[{"count":0,"href":"https:\/\/www.caririemacao.com\/1\/wp-json\/wp\/v2\/posts\/44000\/revisions"}],"wp:featuredmedia":[{"embeddable":true,"href":"https:\/\/www.caririemacao.com\/1\/wp-json\/wp\/v2\/media\/44007"}],"wp:attachment":[{"href":"https:\/\/www.caririemacao.com\/1\/wp-json\/wp\/v2\/media?parent=44000"}],"wp:term":[{"taxonomy":"category","embeddable":true,"href":"https:\/\/www.caririemacao.com\/1\/wp-json\/wp\/v2\/categories?post=44000"},{"taxonomy":"post_tag","embeddable":true,"href":"https:\/\/www.caririemacao.com\/1\/wp-json\/wp\/v2\/tags?post=44000"}],"curies":[{"name":"wp","href":"https:\/\/api.w.org\/{rel}","templated":true}]}}