{"id":44049,"date":"2018-03-14T10:17:13","date_gmt":"2018-03-14T13:17:13","guid":{"rendered":"http:\/\/caririemacao.com\/1\/?p=44049"},"modified":"2018-03-14T10:18:17","modified_gmt":"2018-03-14T13:18:17","slug":"sume-adere-ao-programa-internet-para-todos","status":"publish","type":"post","link":"https:\/\/www.caririemacao.com\/1\/2018\/03\/14\/sume-adere-ao-programa-internet-para-todos\/","title":{"rendered":"Sum\u00e9 adere ao programa Internet Para Todos"},"content":{"rendered":"<p>O prefeito \u00c9den Duarte assinou nesta segunda-feira (12), em Bras\u00edlia, a ades\u00e3o do munic\u00edpio de Sum\u00e9 ao Programa Internet para Todos, que dar\u00e1 acesso \u00e0 internet banda larga de alta velocidade por meio de empresas credenciadas junto ao Minist\u00e9rio da Ci\u00eancia, Tecnologia, Inova\u00e7\u00f5es e Comunica\u00e7\u00f5es (MCTIC).<\/p>\n<p>O munic\u00edpio de Sum\u00e9 concluiu o cadastro na plataforma e foi considerado apto para formalizar a ades\u00e3o ao programa. No Cariri, somente Sum\u00e9 e Gurj\u00e3o fizeram a ades\u00e3o at\u00e9 o momento.<\/p>\n<p>\u00c9 de responsabilidade do munic\u00edpio a indica\u00e7\u00e3o dos lugares pass\u00edveis de atendimento e a \u00e1rea de coloca\u00e7\u00e3o dos equipamentos, a seguran\u00e7a do local onde ficar\u00e3o os equipamentos e a energia.<\/p>\n<p>O Internet Para Todos ampliar\u00e1 a cobertura de banda larga, levando acesso diretamente \u00e0 popula\u00e7\u00e3o atualmente desatendida, utilizando-se do Programa Governo Eletr\u00f4nico-Servi\u00e7o de Atendimento ao Cidad\u00e3o (Gesac).<\/p>\n<p>O Gesac oferece conex\u00e3o por via terrestre e satelital \u00e0 telecentros, escolas, hospitais e postos de sa\u00fade, aldeias ind\u00edgenas, pontos de fronteiras e quilombos, de forma gratuita.<\/p>\n<p>O Programa vai oferecer conex\u00e3o a pre\u00e7os acess\u00edveis com o objetivo de democratizar o acesso \u00e0 internet e promover a inclus\u00e3o social e garantir \u00e0s pessoas que moram nas localidades remotas, condi\u00e7\u00f5es para contratar um plano acess\u00edvel de acesso \u00e0 internet.<\/p>\n<p>O MCTIC est\u00e1 contratando as empresas interessadas em participar do Programa, por meio da Secretaria de Telecominica\u00e7\u00f5es. O Programa ser\u00e1 implementado a partir de acordos intermediados pelo Minist\u00e9rio, munic\u00edpios e empresas credenciadas.<\/p>\n<p><strong>CARIRI EM A\u00c7\u00c3O<\/strong><\/p>\n<p>Ascom<\/p>\n<p>Leia mais not\u00edcias em\u00a0<a href=\"http:\/\/www.caririemacao.com\/\">caririemacao.com<\/a>, siga nossa p\u00e1gina no\u00a0<a href=\"https:\/\/www.facebook.com\/CaririEmAcao\/?ref=aymt_homepage_panel\">Facebook<\/a>,\u00a0<a href=\"https:\/\/www.instagram.com\/cariri_em_acao\/?hl=pt-br\">Instagram<\/a>\u00a0e <a href=\"https:\/\/www.youtube.com\/channel\/UCAptA0jQuYQy8vMhLt2m4qg\">Youtube<\/a>\u00a0e veja nossas mat\u00e9rias, v\u00eddeos e fotos. Voc\u00ea tamb\u00e9m pode enviar informa\u00e7\u00f5es \u00e0 Reda\u00e7\u00e3o do Portal Cariri em A\u00e7\u00e3o pelo WhatsApp (83) 9 9634.5791, (83) 9 9601-1162.<\/p>\n","protected":false},"excerpt":{"rendered":"<p>O prefeito \u00c9den Duarte assinou nesta segunda-feira (12), em Bras\u00edlia, a ades\u00e3o do munic\u00edpio de Sum\u00e9 ao Programa Internet para Todos, que dar\u00e1 acesso \u00e0&hellip; <\/p>\n","protected":false},"author":2,"featured_media":44050,"comment_status":"closed","ping_status":"closed","sticky":false,"template":"","format":"standard","meta":{"sfsi_plus_gutenberg_text_before_share":"","sfsi_plus_gutenberg_show_text_before_share":"","sfsi_plus_gutenberg_icon_type":"","sfsi_plus_gutenberg_icon_alignemt":"","sfsi_plus_gutenburg_max_per_row":"","footnotes":""},"categories":[2],"tags":[],"class_list":["post-44049","post","type-post","status-publish","format-standard","has-post-thumbnail","hentry","category-geral"],"_links":{"self":[{"href":"https:\/\/www.caririemacao.com\/1\/wp-json\/wp\/v2\/posts\/44049","targetHints":{"allow":["GET"]}}],"collection":[{"href":"https:\/\/www.caririemacao.com\/1\/wp-json\/wp\/v2\/posts"}],"about":[{"href":"https:\/\/www.caririemacao.com\/1\/wp-json\/wp\/v2\/types\/post"}],"author":[{"embeddable":true,"href":"https:\/\/www.caririemacao.com\/1\/wp-json\/wp\/v2\/users\/2"}],"replies":[{"embeddable":true,"href":"https:\/\/www.caririemacao.com\/1\/wp-json\/wp\/v2\/comments?post=44049"}],"version-history":[{"count":0,"href":"https:\/\/www.caririemacao.com\/1\/wp-json\/wp\/v2\/posts\/44049\/revisions"}],"wp:featuredmedia":[{"embeddable":true,"href":"https:\/\/www.caririemacao.com\/1\/wp-json\/wp\/v2\/media\/44050"}],"wp:attachment":[{"href":"https:\/\/www.caririemacao.com\/1\/wp-json\/wp\/v2\/media?parent=44049"}],"wp:term":[{"taxonomy":"category","embeddable":true,"href":"https:\/\/www.caririemacao.com\/1\/wp-json\/wp\/v2\/categories?post=44049"},{"taxonomy":"post_tag","embeddable":true,"href":"https:\/\/www.caririemacao.com\/1\/wp-json\/wp\/v2\/tags?post=44049"}],"curies":[{"name":"wp","href":"https:\/\/api.w.org\/{rel}","templated":true}]}}