{"id":44063,"date":"2018-03-13T20:42:32","date_gmt":"2018-03-13T23:42:32","guid":{"rendered":"http:\/\/caririemacao.com\/1\/?p=44063"},"modified":"2018-03-13T20:44:58","modified_gmt":"2018-03-13T23:44:58","slug":"camalau-realiza-festa-de-sao-jose-no-proximo-final-de-semana","status":"publish","type":"post","link":"https:\/\/www.caririemacao.com\/1\/2018\/03\/13\/camalau-realiza-festa-de-sao-jose-no-proximo-final-de-semana\/","title":{"rendered":"Camala\u00fa realiza festa de S\u00e3o Jos\u00e9 no pr\u00f3ximo final de semana"},"content":{"rendered":"<div class=\"\" data-block=\"true\" data-editor=\"85i3n\" data-offset-key=\"4mo8f-0-0\">\n<div class=\"_1mf _1mj\" data-offset-key=\"4mo8f-0-0\"><span data-offset-key=\"4mo8f-0-0\">A cantora\u00a0Walkyria\u00a0Santos\u00a0est\u00e1 confirmada para o pr\u00f3ximo\u00a0domingo\u00a0dia 18 de Mar\u00e7o\u00a0nas comemora\u00e7\u00f5es alusivas \u00e0\u00a0Festa da Padroeiro S\u00e3o Jos\u00e9\u00a0e de Emancipa\u00e7\u00e3o\u00a0Pol\u00edtica\u00a0do Munic\u00edpio de\u00a0Camala\u00fa.<\/span><\/div>\n<\/div>\n<div class=\"\" data-block=\"true\" data-editor=\"85i3n\" data-offset-key=\"depqv-0-0\">\n<div class=\"_1mf _1mj\" data-offset-key=\"depqv-0-0\"><\/div>\n<\/div>\n<div class=\"\" data-block=\"true\" data-editor=\"85i3n\" data-offset-key=\"16j9t-0-0\">\n<div class=\"_1mf _1mj\" data-offset-key=\"16j9t-0-0\"><span data-offset-key=\"16j9t-0-0\">O\u00a0Show\u00a0foi confirmado durante o\u00a0Carnaval\u00a02018 da cidade de\u00a0Camala\u00fa\u00a0pelo\u00a0prefeito Sandro M\u00f4co. <\/span><\/div>\n<div data-offset-key=\"16j9t-0-0\"><\/div>\n<div class=\"_1mf _1mj\" data-offset-key=\"16j9t-0-0\"><span data-offset-key=\"16j9t-0-0\">Logo ap\u00f3s foi exibido um v\u00eddeo, onde a vocalista faz um\u00a0convite\u00a0a todas as pessoas para estarem no seu\u00a0show.<\/span><\/div>\n<div data-offset-key=\"16j9t-0-0\">\n<p><strong>CARIRI EM A\u00c7\u00c3O<\/strong><\/p>\n<p><em>Com TV Cariri\/Foto: Reprodu\u00e7\u00e3o Internet<\/em><\/p>\n<p><strong>Leia mais not\u00edcias em\u00a0<\/strong><a href=\"http:\/\/www.caririemacao.com\/\"><strong>caririemacao.com<\/strong><\/a><strong>, siga nossa p\u00e1gina no\u00a0<\/strong><a href=\"https:\/\/www.facebook.com\/CaririEmAcao\/?ref=aymt_homepage_panel\"><strong>Facebook<\/strong><\/a>,<strong>\u00a0<\/strong><a href=\"https:\/\/www.instagram.com\/cariri_em_acao\/?hl=pt-br\"><strong>Instagram<\/strong><\/a><strong>\u00a0e\u00a0<\/strong><a href=\"https:\/\/www.youtube.com\/channel\/UCAptA0jQuYQy8vMhLt2m4qg\"><strong>Youtube<\/strong><\/a><strong>\u00a0e veja nossas mat\u00e9rias, v\u00eddeos e fotos. Voc\u00ea tamb\u00e9m pode enviar informa\u00e7\u00f5es \u00e0 Reda\u00e7\u00e3o do Portal Cariri em A\u00e7\u00e3o pelo WhatsApp (83) 9 9634.5791, (83) 9 9601-1162.<\/strong><\/p>\n<\/div>\n<\/div>\n","protected":false},"excerpt":{"rendered":"<p>A cantora\u00a0Walkyria\u00a0Santos\u00a0est\u00e1 confirmada para o pr\u00f3ximo\u00a0domingo\u00a0dia 18 de Mar\u00e7o\u00a0nas comemora\u00e7\u00f5es alusivas \u00e0\u00a0Festa da Padroeiro S\u00e3o Jos\u00e9\u00a0e de Emancipa\u00e7\u00e3o\u00a0Pol\u00edtica\u00a0do Munic\u00edpio de\u00a0Camala\u00fa. O\u00a0Show\u00a0foi confirmado durante o\u00a0Carnaval\u00a02018 da&hellip; <\/p>\n","protected":false},"author":2,"featured_media":44066,"comment_status":"closed","ping_status":"closed","sticky":false,"template":"","format":"standard","meta":{"sfsi_plus_gutenberg_text_before_share":"","sfsi_plus_gutenberg_show_text_before_share":"","sfsi_plus_gutenberg_icon_type":"","sfsi_plus_gutenberg_icon_alignemt":"","sfsi_plus_gutenburg_max_per_row":"","footnotes":""},"categories":[6],"tags":[],"class_list":["post-44063","post","type-post","status-publish","format-standard","has-post-thumbnail","hentry","category-cidades"],"_links":{"self":[{"href":"https:\/\/www.caririemacao.com\/1\/wp-json\/wp\/v2\/posts\/44063","targetHints":{"allow":["GET"]}}],"collection":[{"href":"https:\/\/www.caririemacao.com\/1\/wp-json\/wp\/v2\/posts"}],"about":[{"href":"https:\/\/www.caririemacao.com\/1\/wp-json\/wp\/v2\/types\/post"}],"author":[{"embeddable":true,"href":"https:\/\/www.caririemacao.com\/1\/wp-json\/wp\/v2\/users\/2"}],"replies":[{"embeddable":true,"href":"https:\/\/www.caririemacao.com\/1\/wp-json\/wp\/v2\/comments?post=44063"}],"version-history":[{"count":0,"href":"https:\/\/www.caririemacao.com\/1\/wp-json\/wp\/v2\/posts\/44063\/revisions"}],"wp:featuredmedia":[{"embeddable":true,"href":"https:\/\/www.caririemacao.com\/1\/wp-json\/wp\/v2\/media\/44066"}],"wp:attachment":[{"href":"https:\/\/www.caririemacao.com\/1\/wp-json\/wp\/v2\/media?parent=44063"}],"wp:term":[{"taxonomy":"category","embeddable":true,"href":"https:\/\/www.caririemacao.com\/1\/wp-json\/wp\/v2\/categories?post=44063"},{"taxonomy":"post_tag","embeddable":true,"href":"https:\/\/www.caririemacao.com\/1\/wp-json\/wp\/v2\/tags?post=44063"}],"curies":[{"name":"wp","href":"https:\/\/api.w.org\/{rel}","templated":true}]}}