{"id":44067,"date":"2018-03-13T20:51:28","date_gmt":"2018-03-13T23:51:28","guid":{"rendered":"http:\/\/caririemacao.com\/1\/?p=44067"},"modified":"2018-03-13T20:52:06","modified_gmt":"2018-03-13T23:52:06","slug":"44067","status":"publish","type":"post","link":"https:\/\/www.caririemacao.com\/1\/2018\/03\/13\/44067\/","title":{"rendered":"ROTAM prende homem suspeito de tr\u00e1fico de drogas em Monteiro"},"content":{"rendered":"<p>A\u00a0Pol\u00edcia\u00a0Militar, atrav\u00e9s da ROTAM, prendeu na ultima segunda-feira(12), um homem\u00a0suspeito\u00a0de tr\u00e1fico de\u00a0drogas, no Bairro do Alto de Vicente em\u00a0Monteiro, no\u00a0Caririparaibano.<\/p>\n<p>De acordo com as informa\u00e7\u00f5es, a\u00a0pris\u00e3o\u00a0ocorreu assim que o homem chegou na cidade portando aproximadamente R$2.000,00(dois mil reais) em\u00a0drogas.<\/p>\n<p>O acusado \u00e9 de\u00a0Santa Cruz do Capibaribe(PE).<\/p>\n<p>O\u00a0suspeito\u00a0encaminhado para 14\u00b0\u00a0Delegacia\u00a0Seccional\u00a0Pol\u00edcia Civil\u00a0de\u00a0Monteiro.<\/p>\n<p><strong>CARIRI EM A\u00c7\u00c3O<\/strong><\/p>\n<p><em>Com TV Cariri<\/em><\/p>\n<p><strong>Leia mais not\u00edcias em\u00a0<\/strong><a href=\"http:\/\/www.caririemacao.com\/\"><strong>caririemacao.com<\/strong><\/a><strong>, siga nossa p\u00e1gina no\u00a0<\/strong><a href=\"https:\/\/www.facebook.com\/CaririEmAcao\/?ref=aymt_homepage_panel\"><strong>Facebook<\/strong><\/a>,<strong>\u00a0<\/strong><a href=\"https:\/\/www.instagram.com\/cariri_em_acao\/?hl=pt-br\"><strong>Instagram<\/strong><\/a><strong>\u00a0e\u00a0<\/strong><a href=\"https:\/\/www.youtube.com\/channel\/UCAptA0jQuYQy8vMhLt2m4qg\"><strong>Youtube<\/strong><\/a><strong>\u00a0e veja nossas mat\u00e9rias, v\u00eddeos e fotos. Voc\u00ea tamb\u00e9m pode enviar informa\u00e7\u00f5es \u00e0 Reda\u00e7\u00e3o do Portal Cariri em A\u00e7\u00e3o pelo WhatsApp (83) 9 9634.5791, (83) 9 9601-1162.<\/strong><\/p>\n","protected":false},"excerpt":{"rendered":"<p>A\u00a0Pol\u00edcia\u00a0Militar, atrav\u00e9s da ROTAM, prendeu na ultima segunda-feira(12), um homem\u00a0suspeito\u00a0de tr\u00e1fico de\u00a0drogas, no Bairro do Alto de Vicente em\u00a0Monteiro, no\u00a0Caririparaibano. De acordo com as informa\u00e7\u00f5es,&hellip; <\/p>\n","protected":false},"author":2,"featured_media":4867,"comment_status":"closed","ping_status":"closed","sticky":false,"template":"","format":"standard","meta":{"sfsi_plus_gutenberg_text_before_share":"","sfsi_plus_gutenberg_show_text_before_share":"","sfsi_plus_gutenberg_icon_type":"","sfsi_plus_gutenberg_icon_alignemt":"","sfsi_plus_gutenburg_max_per_row":"","footnotes":""},"categories":[12],"tags":[],"class_list":["post-44067","post","type-post","status-publish","format-standard","has-post-thumbnail","hentry","category-policia"],"_links":{"self":[{"href":"https:\/\/www.caririemacao.com\/1\/wp-json\/wp\/v2\/posts\/44067","targetHints":{"allow":["GET"]}}],"collection":[{"href":"https:\/\/www.caririemacao.com\/1\/wp-json\/wp\/v2\/posts"}],"about":[{"href":"https:\/\/www.caririemacao.com\/1\/wp-json\/wp\/v2\/types\/post"}],"author":[{"embeddable":true,"href":"https:\/\/www.caririemacao.com\/1\/wp-json\/wp\/v2\/users\/2"}],"replies":[{"embeddable":true,"href":"https:\/\/www.caririemacao.com\/1\/wp-json\/wp\/v2\/comments?post=44067"}],"version-history":[{"count":0,"href":"https:\/\/www.caririemacao.com\/1\/wp-json\/wp\/v2\/posts\/44067\/revisions"}],"wp:featuredmedia":[{"embeddable":true,"href":"https:\/\/www.caririemacao.com\/1\/wp-json\/wp\/v2\/media\/4867"}],"wp:attachment":[{"href":"https:\/\/www.caririemacao.com\/1\/wp-json\/wp\/v2\/media?parent=44067"}],"wp:term":[{"taxonomy":"category","embeddable":true,"href":"https:\/\/www.caririemacao.com\/1\/wp-json\/wp\/v2\/categories?post=44067"},{"taxonomy":"post_tag","embeddable":true,"href":"https:\/\/www.caririemacao.com\/1\/wp-json\/wp\/v2\/tags?post=44067"}],"curies":[{"name":"wp","href":"https:\/\/api.w.org\/{rel}","templated":true}]}}