{"id":44070,"date":"2018-03-13T21:00:45","date_gmt":"2018-03-14T00:00:45","guid":{"rendered":"http:\/\/caririemacao.com\/1\/?p=44070"},"modified":"2018-03-13T21:00:45","modified_gmt":"2018-03-14T00:00:45","slug":"tse-retira-de-pauta-julgamento-de-acao-que-pede-cassacao-de-rc-caso-foi-arquivado-pelo-tre-pb","status":"publish","type":"post","link":"https:\/\/www.caririemacao.com\/1\/2018\/03\/13\/tse-retira-de-pauta-julgamento-de-acao-que-pede-cassacao-de-rc-caso-foi-arquivado-pelo-tre-pb\/","title":{"rendered":"TSE retira de pauta julgamento de a\u00e7\u00e3o que pede cassa\u00e7\u00e3o de RC; caso foi arquivado pelo TRE-PB"},"content":{"rendered":"<p>O Tribunal Superior Eleitoral (TSE) retirou de pauta o julgamento de recurso que pede a cassa\u00e7\u00e3o do governador Ricardo Coutinho (PSB), marcado para esta ter\u00e7a-feira (13). O motivo, segundo a assessoria de imprensa do TSE, \u00e9 aus\u00eancia do ministro Roberto Barroso na sess\u00e3o. Recursos ordin\u00e1rios, como \u00e9 o caso, s\u00f3 podem ser julgados com a presen\u00e7a dos sete ministros. Ainda n\u00e3o foi remarcada a data do julgamento.<\/p>\n<p>O governador foi acusado de conceder benef\u00edcios fiscais, durante per\u00edodo vedado nas elei\u00e7\u00f5es de 2014, mas o Tribunal Regional Eleitoral da Para\u00edba,\u00a0 arquivou a a\u00e7\u00e3o por unanimidade. A coliga\u00e7\u00e3o \u201cA Vontade do Povo\u201d recorreu da decis\u00e3o ao TSE. Em Bras\u00edlia, o parecer do MPE \u00e9 pela cassa\u00e7\u00e3o de Ricardo Coutinho e da vice-governadora, L\u00edgia Feliciano (PDT), mas isentou a vice da inelegibilidade, j\u00e1 que n\u00e3o teve participa\u00e7\u00e3o direta na a\u00e7\u00e3o. As informa\u00e7\u00f5es s\u00e3o do Blog do Anderson Soares.<\/p>\n<p>Defesa<\/p>\n<p>A defesa do Governador Ricardo Coutinho e da Vice-Governadora L\u00edgia Feliciano afirmou que todas as a\u00e7\u00f5es administrativas realizadas no ano de 2014 se deram em pleno respeito \u00e0 legisla\u00e7\u00e3o eleitoral, com observ\u00e2ncia da impessoalidade e do interesse p\u00fablico, sem qualquer desvirtuamento.<\/p>\n<p>\u201cA gest\u00e3o fiscal s\u00e9ria e respons\u00e1vel empreendida tamb\u00e9m em 2014 fez parte de uma pol\u00edtica p\u00fablica continuada, n\u00e3o graciosa, vigente h\u00e1 d\u00e9cadas na Para\u00edba, que, no caso do IPVA, teve por objetivo regularizar a circula\u00e7\u00e3o de ve\u00edculos e garantir recursos financeiros por interm\u00e9dio do aumento da receita tribut\u00e1ria. Logo, a defesa ratifica a convic\u00e7\u00e3o de que os Ministros do TSE ir\u00e3o negar provimento ao recurso do PSDB, confirmando, na integralidade, a decis\u00e3o de improced\u00eancia proferida pelo TRE da Para\u00edba\u201d.<\/p>\n<p><strong>CARIRI EM A\u00c7\u00c3O<\/strong><\/p>\n<p><em>Com Wscom\/Foto: Reprodu\u00e7\u00e3o Internet<\/em><\/p>\n<p><strong>Leia mais not\u00edcias em\u00a0<\/strong><a href=\"http:\/\/www.caririemacao.com\/\"><strong>caririemacao.com<\/strong><\/a><strong>, siga nossa p\u00e1gina no\u00a0<\/strong><a href=\"https:\/\/www.facebook.com\/CaririEmAcao\/?ref=aymt_homepage_panel\"><strong>Facebook<\/strong><\/a>,<strong>\u00a0<\/strong><a href=\"https:\/\/www.instagram.com\/cariri_em_acao\/?hl=pt-br\"><strong>Instagram<\/strong><\/a><strong>\u00a0e\u00a0<\/strong><a href=\"https:\/\/www.youtube.com\/channel\/UCAptA0jQuYQy8vMhLt2m4qg\"><strong>Youtube<\/strong><\/a><strong>\u00a0e veja nossas mat\u00e9rias, v\u00eddeos e fotos. Voc\u00ea tamb\u00e9m pode enviar informa\u00e7\u00f5es \u00e0 Reda\u00e7\u00e3o do Portal Cariri em A\u00e7\u00e3o pelo WhatsApp (83) 9 9634.5791, (83) 9 9601-1162.<\/strong><\/p>\n","protected":false},"excerpt":{"rendered":"<p>O Tribunal Superior Eleitoral (TSE) retirou de pauta o julgamento de recurso que pede a cassa\u00e7\u00e3o do governador Ricardo Coutinho (PSB), marcado para esta ter\u00e7a-feira&hellip; <\/p>\n","protected":false},"author":2,"featured_media":41020,"comment_status":"closed","ping_status":"closed","sticky":false,"template":"","format":"standard","meta":{"sfsi_plus_gutenberg_text_before_share":"","sfsi_plus_gutenberg_show_text_before_share":"","sfsi_plus_gutenberg_icon_type":"","sfsi_plus_gutenberg_icon_alignemt":"","sfsi_plus_gutenburg_max_per_row":"","footnotes":""},"categories":[11],"tags":[],"class_list":["post-44070","post","type-post","status-publish","format-standard","has-post-thumbnail","hentry","category-politica"],"_links":{"self":[{"href":"https:\/\/www.caririemacao.com\/1\/wp-json\/wp\/v2\/posts\/44070","targetHints":{"allow":["GET"]}}],"collection":[{"href":"https:\/\/www.caririemacao.com\/1\/wp-json\/wp\/v2\/posts"}],"about":[{"href":"https:\/\/www.caririemacao.com\/1\/wp-json\/wp\/v2\/types\/post"}],"author":[{"embeddable":true,"href":"https:\/\/www.caririemacao.com\/1\/wp-json\/wp\/v2\/users\/2"}],"replies":[{"embeddable":true,"href":"https:\/\/www.caririemacao.com\/1\/wp-json\/wp\/v2\/comments?post=44070"}],"version-history":[{"count":0,"href":"https:\/\/www.caririemacao.com\/1\/wp-json\/wp\/v2\/posts\/44070\/revisions"}],"wp:featuredmedia":[{"embeddable":true,"href":"https:\/\/www.caririemacao.com\/1\/wp-json\/wp\/v2\/media\/41020"}],"wp:attachment":[{"href":"https:\/\/www.caririemacao.com\/1\/wp-json\/wp\/v2\/media?parent=44070"}],"wp:term":[{"taxonomy":"category","embeddable":true,"href":"https:\/\/www.caririemacao.com\/1\/wp-json\/wp\/v2\/categories?post=44070"},{"taxonomy":"post_tag","embeddable":true,"href":"https:\/\/www.caririemacao.com\/1\/wp-json\/wp\/v2\/tags?post=44070"}],"curies":[{"name":"wp","href":"https:\/\/api.w.org\/{rel}","templated":true}]}}