{"id":44072,"date":"2018-03-13T21:03:39","date_gmt":"2018-03-14T00:03:39","guid":{"rendered":"http:\/\/caririemacao.com\/1\/?p=44072"},"modified":"2018-03-13T21:03:39","modified_gmt":"2018-03-14T00:03:39","slug":"scfv-de-amparo-convida-criancas-atendidas-pelo-programa-para-evento-festivo-nesta-quarta","status":"publish","type":"post","link":"https:\/\/www.caririemacao.com\/1\/2018\/03\/13\/scfv-de-amparo-convida-criancas-atendidas-pelo-programa-para-evento-festivo-nesta-quarta\/","title":{"rendered":"SCFV de Amparo convida crian\u00e7as atendidas pelo programa para evento festivo nesta quarta"},"content":{"rendered":"<p style=\"font-weight: 400;\">A Equipe de SCFV (Servi\u00e7o de Conviv\u00eancia e Fortalecimento de V\u00ednculos) de Amparo estar\u00e1 preparando um dia especial para as crian\u00e7as que s\u00e3o atendidas por todos os grupos do servi\u00e7o, pedindo assim a todos os pais e respons\u00e1veis que n\u00e3o deixem de mandar seus filhos nos respectivos hor\u00e1rios em que eles participam do servi\u00e7o, teremos evento na parte da manh\u00e3 e na parte da tarde.<\/p>\n<p style=\"font-weight: 400;\">Na parte da manh\u00e3 o evento ter\u00e1 in\u00edcio \u00e0s 08h00min e na parte da tarde \u00e0s 14h00min. O evento ser\u00e1 realizado na Escola do S\u00edtio Salgadinho, no mesmo local onde os alunos s\u00e3o atendidos pelo programa.<\/p>\n<p><strong>CARIRI EM A\u00c7\u00c3O<\/strong><\/p>\n<p><em>Com Amparo Ligado\/Foto:\u00a0Amparo Ligado<\/em><\/p>\n<p><strong>Leia mais not\u00edcias em\u00a0<\/strong><a href=\"http:\/\/www.caririemacao.com\/\"><strong>caririemacao.com<\/strong><\/a><strong>, siga nossa p\u00e1gina no\u00a0<\/strong><a href=\"https:\/\/www.facebook.com\/CaririEmAcao\/?ref=aymt_homepage_panel\"><strong>Facebook<\/strong><\/a>,<strong>\u00a0<\/strong><a href=\"https:\/\/www.instagram.com\/cariri_em_acao\/?hl=pt-br\"><strong>Instagram<\/strong><\/a><strong>\u00a0e\u00a0<\/strong><a href=\"https:\/\/www.youtube.com\/channel\/UCAptA0jQuYQy8vMhLt2m4qg\"><strong>Youtube<\/strong><\/a><strong>\u00a0e veja nossas mat\u00e9rias, v\u00eddeos e fotos. Voc\u00ea tamb\u00e9m pode enviar informa\u00e7\u00f5es \u00e0 Reda\u00e7\u00e3o do Portal Cariri em A\u00e7\u00e3o pelo WhatsApp (83) 9 9634.5791, (83) 9 9601-1162.<\/strong><\/p>\n","protected":false},"excerpt":{"rendered":"<p>A Equipe de SCFV (Servi\u00e7o de Conviv\u00eancia e Fortalecimento de V\u00ednculos) de Amparo estar\u00e1 preparando um dia especial para as crian\u00e7as que s\u00e3o atendidas por&hellip; <\/p>\n","protected":false},"author":2,"featured_media":44073,"comment_status":"closed","ping_status":"closed","sticky":false,"template":"","format":"standard","meta":{"sfsi_plus_gutenberg_text_before_share":"","sfsi_plus_gutenberg_show_text_before_share":"","sfsi_plus_gutenberg_icon_type":"","sfsi_plus_gutenberg_icon_alignemt":"","sfsi_plus_gutenburg_max_per_row":"","footnotes":""},"categories":[6],"tags":[],"class_list":["post-44072","post","type-post","status-publish","format-standard","has-post-thumbnail","hentry","category-cidades"],"_links":{"self":[{"href":"https:\/\/www.caririemacao.com\/1\/wp-json\/wp\/v2\/posts\/44072","targetHints":{"allow":["GET"]}}],"collection":[{"href":"https:\/\/www.caririemacao.com\/1\/wp-json\/wp\/v2\/posts"}],"about":[{"href":"https:\/\/www.caririemacao.com\/1\/wp-json\/wp\/v2\/types\/post"}],"author":[{"embeddable":true,"href":"https:\/\/www.caririemacao.com\/1\/wp-json\/wp\/v2\/users\/2"}],"replies":[{"embeddable":true,"href":"https:\/\/www.caririemacao.com\/1\/wp-json\/wp\/v2\/comments?post=44072"}],"version-history":[{"count":0,"href":"https:\/\/www.caririemacao.com\/1\/wp-json\/wp\/v2\/posts\/44072\/revisions"}],"wp:featuredmedia":[{"embeddable":true,"href":"https:\/\/www.caririemacao.com\/1\/wp-json\/wp\/v2\/media\/44073"}],"wp:attachment":[{"href":"https:\/\/www.caririemacao.com\/1\/wp-json\/wp\/v2\/media?parent=44072"}],"wp:term":[{"taxonomy":"category","embeddable":true,"href":"https:\/\/www.caririemacao.com\/1\/wp-json\/wp\/v2\/categories?post=44072"},{"taxonomy":"post_tag","embeddable":true,"href":"https:\/\/www.caririemacao.com\/1\/wp-json\/wp\/v2\/tags?post=44072"}],"curies":[{"name":"wp","href":"https:\/\/api.w.org\/{rel}","templated":true}]}}