{"id":44080,"date":"2018-03-13T21:11:59","date_gmt":"2018-03-14T00:11:59","guid":{"rendered":"http:\/\/caririemacao.com\/1\/?p=44080"},"modified":"2018-03-13T21:11:59","modified_gmt":"2018-03-14T00:11:59","slug":"pre-candidatura-de-maia-nao-atrapalha-a-pauta-do-congresso","status":"publish","type":"post","link":"https:\/\/www.caririemacao.com\/1\/2018\/03\/13\/pre-candidatura-de-maia-nao-atrapalha-a-pauta-do-congresso\/","title":{"rendered":"Pr\u00e9-candidatura de Maia n\u00e3o atrapalha a pauta do Congresso"},"content":{"rendered":"<p>O presidente do Senado, Eun\u00edcio Oliveira, avaliou nesta ter\u00e7a-feira (13) que o lan\u00e7amento da pr\u00e9-candidatura do presidente da C\u00e2mara, Rodrigo Maia, \u00e0 Presid\u00eancia da Rep\u00fablica n\u00e3o influencia e nem atrapalha em nada a pauta do Congresso.<\/p>\n<p>\u201cAcho que nada vai influenciar nessa quest\u00e3o, pela responsabilidade que n\u00f3s temos, tanto ele, quanto eu, de tocar a pauta do Congresso Nacional. Candidatura n\u00e3o pode influenciar nisso. Eu acho at\u00e9 que dinamiza, para que essas mat\u00e9rias que s\u00e3o importantes, que falam com a sociedade brasileira, que dialoguem com a sociedade brasileira, possam efetivamente ser votadas aqui o mais r\u00e1pido poss\u00edvel\u201d, disse Eun\u00edcio.<\/p>\n<p>Ainda sobre a pauta, o presidente do Senado disse tem conversado muito com Maia. \u201cO Senado votou todas as mat\u00e9rias de microeconomia e quase todas as mat\u00e9rias da quest\u00e3o de seguran\u00e7a p\u00fablica. N\u00e3o tem vaidade de ser pauta do Congresso, tem que ser da C\u00e2mara para o Senado e do Senado para a C\u00e2mara. Como n\u00f3s est\u00e1vamos desde o ano passado com a pauta de microeconomia e seguran\u00e7a p\u00fablica, n\u00f3s adiantamos algumas coisas aqui. A C\u00e2mara estava com outra pauta [no ano passado], que era a Previd\u00eancia e as duas den\u00fancias contra o presidente da Rep\u00fablica, ent\u00e3o atrasou um pouco, mas o Rodrigo disse que vai fazer um mutir\u00e3o [para votar as propostas na \u00e1rea de seguran\u00e7a]\u201d, adiantou Eun\u00edcio Oliveira.<\/p>\n<p>O senador tamb\u00e9m acrescentou que aguarda que as mat\u00e9rias j\u00e1 apreciadas pelo Senado tenham andamento na C\u00e2mara e que outras sejam liberadas dos deputados para os senadores, como \u00e9 o caso da proposta que cria o Sistema \u00danico de Seguran\u00e7a P\u00fablica. O texto deve ser votado esta semana na C\u00e2mara e seguir\u00e1 para o Senado, onde tamb\u00e9m tramitar\u00e1 em regime de urg\u00eancia.<\/p>\n<p>Entre as propostas que est\u00e3o na pauta do Senado esta semana est\u00e1 a que trata do Plano Nacional de Enfrentamento ao Homic\u00eddio de Jovens, PLS 240\/2016. O plano pretende, em um prazo de dez anos, reverter os altos \u00edndices de viol\u00eancia contra os jovens negros e pobres, que lideram o\u00a0<em>ranking\u00a0<\/em>de mortes nessa faixa et\u00e1ria no pa\u00eds. Para o senador, a pauta de seguran\u00e7a precisa fugir da ideia de ampliar penas. \u201cN\u00f3s tenos que encontrar caminhos para que essas penas sejam cumpridas e n\u00e3o apenas ampliar as penas\u201d, ressaltou Eun\u00edcio.<\/p>\n<p><strong>CARIRI EM A\u00c7\u00c3O<\/strong><\/p>\n<p><em>Com Wscom\/Foto: Reprodu\u00e7\u00e3o Internet<\/em><\/p>\n<p><strong>Leia mais not\u00edcias em\u00a0<\/strong><a href=\"http:\/\/www.caririemacao.com\/\"><strong>caririemacao.com<\/strong><\/a><strong>, siga nossa p\u00e1gina no\u00a0<\/strong><a href=\"https:\/\/www.facebook.com\/CaririEmAcao\/?ref=aymt_homepage_panel\"><strong>Facebook<\/strong><\/a>,<strong>\u00a0<\/strong><a href=\"https:\/\/www.instagram.com\/cariri_em_acao\/?hl=pt-br\"><strong>Instagram<\/strong><\/a><strong>\u00a0e\u00a0<\/strong><a href=\"https:\/\/www.youtube.com\/channel\/UCAptA0jQuYQy8vMhLt2m4qg\"><strong>Youtube<\/strong><\/a><strong>\u00a0e veja nossas mat\u00e9rias, v\u00eddeos e fotos. Voc\u00ea tamb\u00e9m pode enviar informa\u00e7\u00f5es \u00e0 Reda\u00e7\u00e3o do Portal Cariri em A\u00e7\u00e3o pelo WhatsApp (83) 9 9634.5791, (83) 9 9601-1162.<\/strong><\/p>\n","protected":false},"excerpt":{"rendered":"<p>O presidente do Senado, Eun\u00edcio Oliveira, avaliou nesta ter\u00e7a-feira (13) que o lan\u00e7amento da pr\u00e9-candidatura do presidente da C\u00e2mara, Rodrigo Maia, \u00e0 Presid\u00eancia da Rep\u00fablica&hellip; <\/p>\n","protected":false},"author":2,"featured_media":44081,"comment_status":"closed","ping_status":"closed","sticky":false,"template":"","format":"standard","meta":{"sfsi_plus_gutenberg_text_before_share":"","sfsi_plus_gutenberg_show_text_before_share":"","sfsi_plus_gutenberg_icon_type":"","sfsi_plus_gutenberg_icon_alignemt":"","sfsi_plus_gutenburg_max_per_row":"","footnotes":""},"categories":[1],"tags":[],"class_list":["post-44080","post","type-post","status-publish","format-standard","has-post-thumbnail","hentry","category-o-site"],"_links":{"self":[{"href":"https:\/\/www.caririemacao.com\/1\/wp-json\/wp\/v2\/posts\/44080","targetHints":{"allow":["GET"]}}],"collection":[{"href":"https:\/\/www.caririemacao.com\/1\/wp-json\/wp\/v2\/posts"}],"about":[{"href":"https:\/\/www.caririemacao.com\/1\/wp-json\/wp\/v2\/types\/post"}],"author":[{"embeddable":true,"href":"https:\/\/www.caririemacao.com\/1\/wp-json\/wp\/v2\/users\/2"}],"replies":[{"embeddable":true,"href":"https:\/\/www.caririemacao.com\/1\/wp-json\/wp\/v2\/comments?post=44080"}],"version-history":[{"count":0,"href":"https:\/\/www.caririemacao.com\/1\/wp-json\/wp\/v2\/posts\/44080\/revisions"}],"wp:featuredmedia":[{"embeddable":true,"href":"https:\/\/www.caririemacao.com\/1\/wp-json\/wp\/v2\/media\/44081"}],"wp:attachment":[{"href":"https:\/\/www.caririemacao.com\/1\/wp-json\/wp\/v2\/media?parent=44080"}],"wp:term":[{"taxonomy":"category","embeddable":true,"href":"https:\/\/www.caririemacao.com\/1\/wp-json\/wp\/v2\/categories?post=44080"},{"taxonomy":"post_tag","embeddable":true,"href":"https:\/\/www.caririemacao.com\/1\/wp-json\/wp\/v2\/tags?post=44080"}],"curies":[{"name":"wp","href":"https:\/\/api.w.org\/{rel}","templated":true}]}}