{"id":44083,"date":"2018-03-13T21:19:19","date_gmt":"2018-03-14T00:19:19","guid":{"rendered":"http:\/\/caririemacao.com\/1\/?p=44083"},"modified":"2018-03-13T21:19:19","modified_gmt":"2018-03-14T00:19:19","slug":"temer-diz-que-seu-governo-pode-ter-sido-o-melhor-que-o-brasil-conheceu","status":"publish","type":"post","link":"https:\/\/www.caririemacao.com\/1\/2018\/03\/13\/temer-diz-que-seu-governo-pode-ter-sido-o-melhor-que-o-brasil-conheceu\/","title":{"rendered":"Temer diz que seu governo pode ter sido o melhor que o Brasil conheceu"},"content":{"rendered":"<p><span class=\"news_capital_letter\">O\u00a0<\/span>presidente Michel Temer afirmou que, com toda a mod\u00e9stia de lado, em suas palavras, o seu\u00a0governo pode ter sido o melhor que o Brasil conheceu\u00a0nos \u00faltimos anos.<\/p>\n<p>Em um discurso de 52 minutos, feito nesta ter\u00e7a-feira (13), em evento no centro de S\u00e3o Paulo, o presidente elencou reformas feitas em sua gest\u00e3o e defendeu medidas de seu governo nas mais diversas \u00e1reas -desde o teto nos gastos p\u00fablicos at\u00e9 a conclus\u00e3o da transposi\u00e7\u00e3o do rio S\u00e3o Francisco, passando pelo acordo em negocia\u00e7\u00e3o com a Uni\u00e3o Europeia e at\u00e9 a inten\u00e7\u00e3o de ampliar as reservas marinhas do pa\u00eds.<\/p>\n<p>&#8220;Em todos os setores em que coloquei os ministros, tudo deu certo&#8221;, disse ele.<\/p>\n<p>Em rela\u00e7\u00e3o \u00e0 reforma da Previd\u00eancia, Temer ainda afirmou que n\u00e3o \u00e9 improv\u00e1vel\u00a0que at\u00e9 setembro a interven\u00e7\u00e3o no Rio de Janeiro possa terminar, e a reforma possa ser votada at\u00e9 novembro.<\/p>\n<p>Caso isso n\u00e3o ocorra, ele disse que certamente aconteceria no pr\u00f3ximo governo. &#8220;A reforma da Previd\u00eancia saiu da pauta legislativa, mas n\u00e3o saiu da pauta pol\u00edtica. Qualquer candidato \u00e0 Presid\u00eancia ter\u00e1 que dizer se \u00e9 a favor ou contra.&#8221;<\/p>\n<p>O presidente disse ainda que sofreu uma campanha brutal em rela\u00e7\u00e3o \u00e0 reforma por parte de setores que seriam privilegiados. &#8220;Eu denuncio, eu acuso. O pa\u00eds perdeu a ideia de liturgia, de autoridade, de uma certa hierarquia&#8221;, disse, em rela\u00e7\u00e3o aos opositores da proposta.<\/p>\n<p>Ele ainda destacou a inten\u00e7\u00e3o de realizar uma simplifica\u00e7\u00e3o tribut\u00e1ria at\u00e9 o fim deste ano. Ao fim do evento, o presidente n\u00e3o falou com a imprensa.<\/p>\n<p><strong>CARIRI EM A\u00c7\u00c3O<\/strong><\/p>\n<p><em>Com Folhapress\/Foto: Reprodu\u00e7\u00e3o Internet<\/em><\/p>\n<p><strong>Leia mais not\u00edcias em\u00a0<\/strong><a href=\"http:\/\/www.caririemacao.com\/\"><strong>caririemacao.com<\/strong><\/a><strong>, siga nossa p\u00e1gina no\u00a0<\/strong><a href=\"https:\/\/www.facebook.com\/CaririEmAcao\/?ref=aymt_homepage_panel\"><strong>Facebook<\/strong><\/a>,<strong>\u00a0<\/strong><a href=\"https:\/\/www.instagram.com\/cariri_em_acao\/?hl=pt-br\"><strong>Instagram<\/strong><\/a><strong>\u00a0e\u00a0<\/strong><a href=\"https:\/\/www.youtube.com\/channel\/UCAptA0jQuYQy8vMhLt2m4qg\"><strong>Youtube<\/strong><\/a><strong>\u00a0e veja nossas mat\u00e9rias, v\u00eddeos e fotos. Voc\u00ea tamb\u00e9m pode enviar informa\u00e7\u00f5es \u00e0 Reda\u00e7\u00e3o do Portal Cariri em A\u00e7\u00e3o pelo WhatsApp (83) 9 9634.5791, (83) 9 9601-1162.<\/strong><\/p>\n","protected":false},"excerpt":{"rendered":"<p>O\u00a0presidente Michel Temer afirmou que, com toda a mod\u00e9stia de lado, em suas palavras, o seu\u00a0governo pode ter sido o melhor que o Brasil conheceu\u00a0nos&hellip; <\/p>\n","protected":false},"author":2,"featured_media":44084,"comment_status":"closed","ping_status":"closed","sticky":false,"template":"","format":"standard","meta":{"sfsi_plus_gutenberg_text_before_share":"","sfsi_plus_gutenberg_show_text_before_share":"","sfsi_plus_gutenberg_icon_type":"","sfsi_plus_gutenberg_icon_alignemt":"","sfsi_plus_gutenburg_max_per_row":"","footnotes":""},"categories":[11],"tags":[],"class_list":["post-44083","post","type-post","status-publish","format-standard","has-post-thumbnail","hentry","category-politica"],"_links":{"self":[{"href":"https:\/\/www.caririemacao.com\/1\/wp-json\/wp\/v2\/posts\/44083","targetHints":{"allow":["GET"]}}],"collection":[{"href":"https:\/\/www.caririemacao.com\/1\/wp-json\/wp\/v2\/posts"}],"about":[{"href":"https:\/\/www.caririemacao.com\/1\/wp-json\/wp\/v2\/types\/post"}],"author":[{"embeddable":true,"href":"https:\/\/www.caririemacao.com\/1\/wp-json\/wp\/v2\/users\/2"}],"replies":[{"embeddable":true,"href":"https:\/\/www.caririemacao.com\/1\/wp-json\/wp\/v2\/comments?post=44083"}],"version-history":[{"count":0,"href":"https:\/\/www.caririemacao.com\/1\/wp-json\/wp\/v2\/posts\/44083\/revisions"}],"wp:featuredmedia":[{"embeddable":true,"href":"https:\/\/www.caririemacao.com\/1\/wp-json\/wp\/v2\/media\/44084"}],"wp:attachment":[{"href":"https:\/\/www.caririemacao.com\/1\/wp-json\/wp\/v2\/media?parent=44083"}],"wp:term":[{"taxonomy":"category","embeddable":true,"href":"https:\/\/www.caririemacao.com\/1\/wp-json\/wp\/v2\/categories?post=44083"},{"taxonomy":"post_tag","embeddable":true,"href":"https:\/\/www.caririemacao.com\/1\/wp-json\/wp\/v2\/tags?post=44083"}],"curies":[{"name":"wp","href":"https:\/\/api.w.org\/{rel}","templated":true}]}}