{"id":44088,"date":"2018-03-13T21:26:15","date_gmt":"2018-03-14T00:26:15","guid":{"rendered":"http:\/\/caririemacao.com\/1\/?p=44088"},"modified":"2018-03-13T21:26:15","modified_gmt":"2018-03-14T00:26:15","slug":"temer-diz-que-pode-encerrar-intervencao-em-setembro-e-votar-pec-da-previdencia","status":"publish","type":"post","link":"https:\/\/www.caririemacao.com\/1\/2018\/03\/13\/temer-diz-que-pode-encerrar-intervencao-em-setembro-e-votar-pec-da-previdencia\/","title":{"rendered":"Temer diz que pode encerrar interven\u00e7\u00e3o em setembro e votar PEC da Previd\u00eancia"},"content":{"rendered":"<p>O presidente da Rep\u00fablica, Michel Temer, disse hoje (13) que poder\u00e1 encerrar a\u00a0interven\u00e7\u00e3o federal no Rio de Janeiro\u00a0em setembro para que\u00a0 o governo possa voltar o foco para a discuss\u00e3o e a aprova\u00e7\u00e3o da reforma da Previd\u00eancia ainda em 2018. Segundo o presidente, os \u00faltimos quatro meses do ano poder\u00e3o ser usados para a tramita\u00e7\u00e3o da Proposta de Emenda \u00e0 Constitui\u00e7\u00e3o (PEC 287\/2016 que trata das mudan\u00e7as das regras previdenci\u00e1rias.<\/p>\n<p>\u201cN\u00f3s decretamos a interven\u00e7\u00e3o no Rio de Janeiro e, em face a interven\u00e7\u00e3o, n\u00e3o se pode tramitar emendas \u00e0 Constitui\u00e7\u00e3o. N\u00e3o \u00e9 improv\u00e1vel, espero que seja assim, que at\u00e9 setembro, mais ou menos, as coisas estejam entrando nos eixos no Rio de Janeiro, e eu possa fazer cessar a interven\u00e7\u00e3o. Se fizer cessar, ainda tenho uma parte de setembro, de outubro, novembro, dezembro, para aprovar a reforma da Previd\u00eancia\u201d, disse.<\/p>\n<p>O Artigo 60 da Constitui\u00e7\u00e3o Federal veta qualquer emenda \u00e0 Carta Magna, como \u00e9 o caso da PEC da reforma da Previd\u00eancia, em caso de uma interven\u00e7\u00e3o federal.<\/p>\n<p>O presidente destacou que enfrentou uma \u201ccampanha brutal\u201d de setores privilegiados, contr\u00e1rios \u00e0 reforma, e que tentaram atentar contra a sua moralidade. \u201cEu tenho a honra de ser presidente da Rep\u00fablica. Acho que fiz muito pelo pa\u00eds, fizemos muito, mas confesso que [houve] essas quest\u00f5es destrutivas daqueles privilegiados que tentaram me degradar moralmente. E eu tenho dito que n\u00e3o vou mais tolerar isso. Agora vou combater isso at\u00e9 porque os meus detratores ou est\u00e3o na cadeia ou est\u00e3o desmoralizados\u201d, disse.<\/p>\n<p>Temer defendeu a igualdade de condi\u00e7\u00f5es na aposentadoria para funcion\u00e1rios p\u00fablicos e privados. \u201cN\u00f3s sofremos uma campanha brutal ao longo do tempo por causa da reforma previdenci\u00e1ria. Por causa dos privilegiados que teriam redu\u00e7\u00e3o nos seus direitos. Diria eu, eles n\u00e3o teriam, digamos assim, a impossibilidade de se aposentar com R$ 33 mil. Poderiam faz\u00ea-lo. Teriam at\u00e9 R$ 5.645 de pagamento do INSS e, o que excedesse disso, comportaria na chamada previd\u00eancia complementar\u201d, defendeu.<\/p>\n<p>Temer participou da cerim\u00f4nia de abertura da Sess\u00e3o Plen\u00e1ria da Federa\u00e7\u00e3o das Associa\u00e7\u00f5es Comerciais do Estado de S\u00e3o Paulo (Facesp), na capital paulista. O presidente discursou por cerca de 50 minutos sobre as a\u00e7\u00f5es do seu governo para uma plateia formada principalmente por empres\u00e1rios. Ele destacou a aprova\u00e7\u00e3o do teto de gastos para o governo, as reformas trabalhista e do ensino m\u00e9dio, e a altera\u00e7\u00e3o na legisla\u00e7\u00e3o da terceiriza\u00e7\u00e3o e da explora\u00e7\u00e3o do pr\u00e9-sal.<\/p>\n<p><strong>CARIRI EM A\u00c7\u00c3O<\/strong><\/p>\n<p><em>Com <strong>\u00a0<\/strong>Ag\u00eancia Brasil\/Foto: Reprodu\u00e7\u00e3o Internet<\/em><\/p>\n<p><strong>Leia mais not\u00edcias em\u00a0<\/strong><a href=\"http:\/\/www.caririemacao.com\/\"><strong>caririemacao.com<\/strong><\/a><strong>, siga nossa p\u00e1gina no\u00a0<\/strong><a href=\"https:\/\/www.facebook.com\/CaririEmAcao\/?ref=aymt_homepage_panel\"><strong>Facebook<\/strong><\/a>,<strong>\u00a0<\/strong><a href=\"https:\/\/www.instagram.com\/cariri_em_acao\/?hl=pt-br\"><strong>Instagram<\/strong><\/a><strong>\u00a0e\u00a0<\/strong><a href=\"https:\/\/www.youtube.com\/channel\/UCAptA0jQuYQy8vMhLt2m4qg\"><strong>Youtube<\/strong><\/a><strong>\u00a0e veja nossas mat\u00e9rias, v\u00eddeos e fotos. Voc\u00ea tamb\u00e9m pode enviar informa\u00e7\u00f5es \u00e0 Reda\u00e7\u00e3o do Portal Cariri em A\u00e7\u00e3o pelo WhatsApp (83) 9 9634.5791, (83) 9 9601-1162.<\/strong><\/p>\n","protected":false},"excerpt":{"rendered":"<p>O presidente da Rep\u00fablica, Michel Temer, disse hoje (13) que poder\u00e1 encerrar a\u00a0interven\u00e7\u00e3o federal no Rio de Janeiro\u00a0em setembro para que\u00a0 o governo possa voltar&hellip; <\/p>\n","protected":false},"author":2,"featured_media":44089,"comment_status":"closed","ping_status":"closed","sticky":false,"template":"","format":"standard","meta":{"sfsi_plus_gutenberg_text_before_share":"","sfsi_plus_gutenberg_show_text_before_share":"","sfsi_plus_gutenberg_icon_type":"","sfsi_plus_gutenberg_icon_alignemt":"","sfsi_plus_gutenburg_max_per_row":"","footnotes":""},"categories":[11],"tags":[],"class_list":["post-44088","post","type-post","status-publish","format-standard","has-post-thumbnail","hentry","category-politica"],"_links":{"self":[{"href":"https:\/\/www.caririemacao.com\/1\/wp-json\/wp\/v2\/posts\/44088","targetHints":{"allow":["GET"]}}],"collection":[{"href":"https:\/\/www.caririemacao.com\/1\/wp-json\/wp\/v2\/posts"}],"about":[{"href":"https:\/\/www.caririemacao.com\/1\/wp-json\/wp\/v2\/types\/post"}],"author":[{"embeddable":true,"href":"https:\/\/www.caririemacao.com\/1\/wp-json\/wp\/v2\/users\/2"}],"replies":[{"embeddable":true,"href":"https:\/\/www.caririemacao.com\/1\/wp-json\/wp\/v2\/comments?post=44088"}],"version-history":[{"count":0,"href":"https:\/\/www.caririemacao.com\/1\/wp-json\/wp\/v2\/posts\/44088\/revisions"}],"wp:featuredmedia":[{"embeddable":true,"href":"https:\/\/www.caririemacao.com\/1\/wp-json\/wp\/v2\/media\/44089"}],"wp:attachment":[{"href":"https:\/\/www.caririemacao.com\/1\/wp-json\/wp\/v2\/media?parent=44088"}],"wp:term":[{"taxonomy":"category","embeddable":true,"href":"https:\/\/www.caririemacao.com\/1\/wp-json\/wp\/v2\/categories?post=44088"},{"taxonomy":"post_tag","embeddable":true,"href":"https:\/\/www.caririemacao.com\/1\/wp-json\/wp\/v2\/tags?post=44088"}],"curies":[{"name":"wp","href":"https:\/\/api.w.org\/{rel}","templated":true}]}}