{"id":44094,"date":"2018-03-13T21:34:18","date_gmt":"2018-03-14T00:34:18","guid":{"rendered":"http:\/\/caririemacao.com\/1\/?p=44094"},"modified":"2018-03-13T21:34:18","modified_gmt":"2018-03-14T00:34:18","slug":"temer-tera-acesso-a-quebra-de-sigilo-bancario-apos-diligencias","status":"publish","type":"post","link":"https:\/\/www.caririemacao.com\/1\/2018\/03\/13\/temer-tera-acesso-a-quebra-de-sigilo-bancario-apos-diligencias\/","title":{"rendered":"Temer ter\u00e1 acesso \u00e0 quebra de sigilo banc\u00e1rio ap\u00f3s dilig\u00eancias"},"content":{"rendered":"<p><span class=\"news_capital_letter\">O\u00a0<\/span>ministro do Supremo Tribunal Federal (STF) Lu\u00eds Roberto Barroso decidiu hoje (13) que a defesa do presidente Michel Temer ter\u00e1 acesso \u00e0 decis\u00e3o que determinou a quebra de sigilo banc\u00e1rio somente ap\u00f3s o cumprimento das dilig\u00eancias que foram determinadas.<\/p>\n<p>O pedido de acesso foi feito na semana passada pelos advogados ap\u00f3s serem notificados da decis\u00e3o de Barroso. A defesa queria acesso imediato \u00e0 decis\u00e3o que fundamentou a quebra do sigilo dos dados banc\u00e1rios do presidente, com base em um pedido de Pol\u00edcia Federal (PF).<\/p>\n<p>Barroso \u00e9 respons\u00e1vel no STF pelo inqu\u00e9rito da PF que investiga o suposto favorecimento da empresa Rodrimar S\/A por meio da edi\u00e7\u00e3o do chamado Decreto dos Portos (Decreto 9.048\/2017), assinado pelo presidente Temer em maio do ano passado.<\/p>\n<p>Na a\u00e7\u00e3o, al\u00e9m de Temer, s\u00e3o investigados o ex-deputado Rodrigo Rocha Loures e os empres\u00e1rios Ant\u00f4nio Celso Grecco e Ricardo Mesquita, donos da Rodrimar, empresa que atua no Porto de Santos.<\/p>\n<p>Em janeiro, ao responder por escrito aos questionamentos dos delegados respons\u00e1veis pelo caso, a defesa do presidente Temer declarou que ele nunca foi procurado por empres\u00e1rios do setor portu\u00e1rio para tratar da edi\u00e7\u00e3o do decreto, tampouco autorizou qualquer pessoa a fazer tratativas em seu nome.<\/p>\n<p><strong>CARIRI EM A\u00c7\u00c3O<\/strong><\/p>\n<p><em>Com\u00a0Ag\u00eancia Brasil\/Foto: Reprodu\u00e7\u00e3o Internet<\/em><\/p>\n<p><strong>Leia mais not\u00edcias em\u00a0<\/strong><a href=\"http:\/\/www.caririemacao.com\/\"><strong>caririemacao.com<\/strong><\/a><strong>, siga nossa p\u00e1gina no\u00a0<\/strong><a href=\"https:\/\/www.facebook.com\/CaririEmAcao\/?ref=aymt_homepage_panel\"><strong>Facebook<\/strong><\/a>,<strong>\u00a0<\/strong><a href=\"https:\/\/www.instagram.com\/cariri_em_acao\/?hl=pt-br\"><strong>Instagram<\/strong><\/a><strong>\u00a0e\u00a0<\/strong><a href=\"https:\/\/www.youtube.com\/channel\/UCAptA0jQuYQy8vMhLt2m4qg\"><strong>Youtube<\/strong><\/a><strong>\u00a0e veja nossas mat\u00e9rias, v\u00eddeos e fotos. Voc\u00ea tamb\u00e9m pode enviar informa\u00e7\u00f5es \u00e0 Reda\u00e7\u00e3o do Portal Cariri em A\u00e7\u00e3o pelo WhatsApp (83) 9 9634.5791, (83) 9 9601-1162.<\/strong><\/p>\n","protected":false},"excerpt":{"rendered":"<p>O\u00a0ministro do Supremo Tribunal Federal (STF) Lu\u00eds Roberto Barroso decidiu hoje (13) que a defesa do presidente Michel Temer ter\u00e1 acesso \u00e0 decis\u00e3o que determinou&hellip; <\/p>\n","protected":false},"author":2,"featured_media":44095,"comment_status":"closed","ping_status":"closed","sticky":false,"template":"","format":"standard","meta":{"sfsi_plus_gutenberg_text_before_share":"","sfsi_plus_gutenberg_show_text_before_share":"","sfsi_plus_gutenberg_icon_type":"","sfsi_plus_gutenberg_icon_alignemt":"","sfsi_plus_gutenburg_max_per_row":"","footnotes":""},"categories":[11],"tags":[],"class_list":["post-44094","post","type-post","status-publish","format-standard","has-post-thumbnail","hentry","category-politica"],"_links":{"self":[{"href":"https:\/\/www.caririemacao.com\/1\/wp-json\/wp\/v2\/posts\/44094","targetHints":{"allow":["GET"]}}],"collection":[{"href":"https:\/\/www.caririemacao.com\/1\/wp-json\/wp\/v2\/posts"}],"about":[{"href":"https:\/\/www.caririemacao.com\/1\/wp-json\/wp\/v2\/types\/post"}],"author":[{"embeddable":true,"href":"https:\/\/www.caririemacao.com\/1\/wp-json\/wp\/v2\/users\/2"}],"replies":[{"embeddable":true,"href":"https:\/\/www.caririemacao.com\/1\/wp-json\/wp\/v2\/comments?post=44094"}],"version-history":[{"count":0,"href":"https:\/\/www.caririemacao.com\/1\/wp-json\/wp\/v2\/posts\/44094\/revisions"}],"wp:featuredmedia":[{"embeddable":true,"href":"https:\/\/www.caririemacao.com\/1\/wp-json\/wp\/v2\/media\/44095"}],"wp:attachment":[{"href":"https:\/\/www.caririemacao.com\/1\/wp-json\/wp\/v2\/media?parent=44094"}],"wp:term":[{"taxonomy":"category","embeddable":true,"href":"https:\/\/www.caririemacao.com\/1\/wp-json\/wp\/v2\/categories?post=44094"},{"taxonomy":"post_tag","embeddable":true,"href":"https:\/\/www.caririemacao.com\/1\/wp-json\/wp\/v2\/tags?post=44094"}],"curies":[{"name":"wp","href":"https:\/\/api.w.org\/{rel}","templated":true}]}}