{"id":44097,"date":"2018-03-13T21:42:49","date_gmt":"2018-03-14T00:42:49","guid":{"rendered":"http:\/\/caririemacao.com\/1\/?p=44097"},"modified":"2018-03-13T21:42:49","modified_gmt":"2018-03-14T00:42:49","slug":"apos-decisao-do-tst-trabalhadores-dos-correios-encerram-greve","status":"publish","type":"post","link":"https:\/\/www.caririemacao.com\/1\/2018\/03\/13\/apos-decisao-do-tst-trabalhadores-dos-correios-encerram-greve\/","title":{"rendered":"Ap\u00f3s decis\u00e3o do TST, trabalhadores dos Correios encerram greve"},"content":{"rendered":"<p>Em assembleias realizadas hoje (13), trabalhadores dos Correios de diversos estados aprovaram o fim da greve deflagrada ontem (12) e o retorno aos trabalhos a partir desta quarta-feira (14). Segundo a federa\u00e7\u00e3o da categoria, apenas dois estados ainda ter\u00e3o assembleias nos pr\u00f3ximos dias para avaliar a continuidade da paralisa\u00e7\u00e3o: Rio de Janeiro e S\u00e3o Paulo.<\/p>\n<p>A decis\u00e3o foi tomada ap\u00f3s o Tribunal Superior do Trabalho julgar ontem (12) o impasse sobre o plano de sa\u00fade dos empregados. A dire\u00e7\u00e3o dos Correios defendia a cobran\u00e7a de mensalidade dos funcion\u00e1rios e restri\u00e7\u00e3o do benef\u00edcio apenas a estes. Os trabalhadores eram contr\u00e1rios a qualquer mudan\u00e7a no sistema, que garantia seguro-sa\u00fade a dependentes (incluindo pai e m\u00e3e) com pagamento por procedimento utilizado, e n\u00e3o por parcela fixa mensal.<\/p>\n<p>O item foi o principal impasse da negocia\u00e7\u00e3o do Acordo Coletivo de Trabalho, tendo sido encaminhado para an\u00e1lise do TST. O tribunal aprovou a proposta do relator do processo, ministro Aloysio Corr\u00eaa, prevendo o pagamento de mensalidades variando por idade e remunera\u00e7\u00e3o, na modalidade de co-participa\u00e7\u00e3o na qual os trabalhadores passam a ter que arcar com 30% dos valores e a empresa, com 70%. J\u00e1 pais e m\u00e3es ser\u00e3o cobertos pelo plano at\u00e9 o encerramento do ACT em vigor, em julho de 2019.<\/p>\n<p>Em nota, os Correios informaram que na tarde de hoje o TST determinou a manuten\u00e7\u00e3o de efetivo m\u00ednimo de 80% dos trabalhadores em cada unidade, enquanto durasse o movimento.<\/p>\n<p><strong>Grande avan\u00e7o<\/strong><\/p>\n<p>A diretoria dos Correios classificou o julgamento do TST como um grande avan\u00e7o. \u201cA decis\u00e3o ficou distante da nossa proposta inicial, mas \u00e9 um reconhecimento de que o custeio tem que ser compartilhado e o primeiro passo importante para a sustentabilidade do plano e dos pr\u00f3prios Correios\u201d, avalia o presidente da empresa, Guilherme Campos.<\/p>\n<p><strong>Jurisprud\u00eancia rasgada<\/strong><\/p>\n<p>J\u00e1 para a Federa\u00e7\u00e3o Nacional dos Trabalhadores do Correios (Fentect), o tribunal rasgou sua jurisprud\u00eancia e atingiu os trabalhadores, que ter\u00e3o dificuldades de arcar com os custos do plano de sa\u00fade. Com o fim da greve, os sindicatos de trabalhadores se manter\u00e3o mobilizados para fazer a defesa da empresa contra as amea\u00e7as de privatiza\u00e7\u00e3o.<\/p>\n<p>\u201cTenho 20 anos nos Correios e em nenhum momento a empresa precisou de recursos da Uni\u00e3o para se manter. A presen\u00e7a dela \u00e9 papel do Estado brasileiro. Correios t\u00eam condi\u00e7\u00e3o de dar lucro, mas passou por ataque do pr\u00f3prio governo violento, que deixou a empresa descapitalizada. \u00c9 preciso melhorar a gest\u00e3o e garantir investimentos para que a companhia passe por este momento de crise\u201d, defende Jos\u00e9 Rivaldo da Silva, secret\u00e1rio-geral da federa\u00e7\u00e3o.<\/p>\n<p><strong>Privatiza\u00e7\u00e3o<\/strong><\/p>\n<p>Hoje (13) pela manh\u00e3, o ministro de Ci\u00eancia, Tecnologia, Inova\u00e7\u00f5es e Comunica\u00e7\u00f5es, Gilberto Kassab, afirmou que mesmo com o desfecho dado pelo TST o governo n\u00e3o descarta privatizar a empresa. Ao dar entrevista ao programa Por Dentro do Governo, da TV NBR, Kassab disse: \u201cOu os Correios diminuem suas despesas ou v\u00e3o passar por um processo de privatiza\u00e7\u00e3o\u201d.<\/p>\n<p><strong>CARIRI EM A\u00c7\u00c3O<\/strong><\/p>\n<p><em>Com\u00a0Ag\u00eancia Brasil\/Foto: Reprodu\u00e7\u00e3o Internet<\/em><\/p>\n<p><strong>Leia mais not\u00edcias em\u00a0<\/strong><a href=\"http:\/\/www.caririemacao.com\/\"><strong>caririemacao.com<\/strong><\/a><strong>, siga nossa p\u00e1gina no\u00a0<\/strong><a href=\"https:\/\/www.facebook.com\/CaririEmAcao\/?ref=aymt_homepage_panel\"><strong>Facebook<\/strong><\/a>,<strong>\u00a0<\/strong><a href=\"https:\/\/www.instagram.com\/cariri_em_acao\/?hl=pt-br\"><strong>Instagram<\/strong><\/a><strong>\u00a0e\u00a0<\/strong><a href=\"https:\/\/www.youtube.com\/channel\/UCAptA0jQuYQy8vMhLt2m4qg\"><strong>Youtube<\/strong><\/a><strong>\u00a0e veja nossas mat\u00e9rias, v\u00eddeos e fotos. Voc\u00ea tamb\u00e9m pode enviar informa\u00e7\u00f5es \u00e0 Reda\u00e7\u00e3o do Portal Cariri em A\u00e7\u00e3o pelo WhatsApp (83) 9 9634.5791, (83) 9 9601-1162.<\/strong><\/p>\n","protected":false},"excerpt":{"rendered":"<p>Em assembleias realizadas hoje (13), trabalhadores dos Correios de diversos estados aprovaram o fim da greve deflagrada ontem (12) e o retorno aos trabalhos a&hellip; <\/p>\n","protected":false},"author":2,"featured_media":44098,"comment_status":"closed","ping_status":"closed","sticky":false,"template":"","format":"standard","meta":{"sfsi_plus_gutenberg_text_before_share":"","sfsi_plus_gutenberg_show_text_before_share":"","sfsi_plus_gutenberg_icon_type":"","sfsi_plus_gutenberg_icon_alignemt":"","sfsi_plus_gutenburg_max_per_row":"","footnotes":""},"categories":[2],"tags":[],"class_list":["post-44097","post","type-post","status-publish","format-standard","has-post-thumbnail","hentry","category-geral"],"_links":{"self":[{"href":"https:\/\/www.caririemacao.com\/1\/wp-json\/wp\/v2\/posts\/44097","targetHints":{"allow":["GET"]}}],"collection":[{"href":"https:\/\/www.caririemacao.com\/1\/wp-json\/wp\/v2\/posts"}],"about":[{"href":"https:\/\/www.caririemacao.com\/1\/wp-json\/wp\/v2\/types\/post"}],"author":[{"embeddable":true,"href":"https:\/\/www.caririemacao.com\/1\/wp-json\/wp\/v2\/users\/2"}],"replies":[{"embeddable":true,"href":"https:\/\/www.caririemacao.com\/1\/wp-json\/wp\/v2\/comments?post=44097"}],"version-history":[{"count":0,"href":"https:\/\/www.caririemacao.com\/1\/wp-json\/wp\/v2\/posts\/44097\/revisions"}],"wp:featuredmedia":[{"embeddable":true,"href":"https:\/\/www.caririemacao.com\/1\/wp-json\/wp\/v2\/media\/44098"}],"wp:attachment":[{"href":"https:\/\/www.caririemacao.com\/1\/wp-json\/wp\/v2\/media?parent=44097"}],"wp:term":[{"taxonomy":"category","embeddable":true,"href":"https:\/\/www.caririemacao.com\/1\/wp-json\/wp\/v2\/categories?post=44097"},{"taxonomy":"post_tag","embeddable":true,"href":"https:\/\/www.caririemacao.com\/1\/wp-json\/wp\/v2\/tags?post=44097"}],"curies":[{"name":"wp","href":"https:\/\/api.w.org\/{rel}","templated":true}]}}