{"id":44104,"date":"2018-03-14T08:44:26","date_gmt":"2018-03-14T11:44:26","guid":{"rendered":"http:\/\/caririemacao.com\/1\/?p=44104"},"modified":"2018-03-14T08:47:06","modified_gmt":"2018-03-14T11:47:06","slug":"amparo-adere-ao-programa-internet-para-todos","status":"publish","type":"post","link":"https:\/\/www.caririemacao.com\/1\/2018\/03\/14\/amparo-adere-ao-programa-internet-para-todos\/","title":{"rendered":"Amparo adere ao programa Internet Para Todos"},"content":{"rendered":"<p>A Prefeitura de Amparo aderiu ao programa Internet Para Todos, do Minist\u00e9rio da Ci\u00eancia, Tecnologia, Inova\u00e7\u00f5es e Comunica\u00e7\u00f5es (MCTIC) que vai levar a banda larga de alta velocidade a todas as regi\u00f5es do Brasil.<\/p>\n<p>Al\u00e9m de Amparo, mais 2.470 munic\u00edpios aderiram ao programa. A cerim\u00f4nia de ades\u00e3o ocorreu em Bras\u00edlia e contou com a presen\u00e7a do presidente Michel Temer e do Ministro da Ci\u00eancia, Tecnologia, Inova\u00e7\u00f5es e Comunica\u00e7\u00f5es Gilberto Kassab e ocorreu no Centro Internacional de Conven\u00e7\u00f5es do Brasil (CICB).<\/p>\n<p>O termo de ades\u00e3o define a infraestrutura b\u00e1sica e as condi\u00e7\u00f5es para a participa\u00e7\u00e3o dos munic\u00edpios no Internet para Todos. As prefeituras indicaram as localidades pass\u00edveis de atendimento, que receber\u00e3o antenas para a distribui\u00e7\u00e3o do sinal de internet.<\/p>\n<p>O prefeito In\u00e1cio informou ao Cariri em A\u00e7\u00e3o que al\u00e9m de garantir a seguran\u00e7a da \u00e1rea, a Prefeitura de Amparo tamb\u00e9m arcar\u00e1 com as despesas de energia el\u00e9trica que esses equipamentos consumirem.<\/p>\n<p>Vale ressaltar que o Programa Internet para Todos n\u00e3o oferecer\u00e1 conex\u00e3o gratuita para os moradores dessas localidades, mas ofertar\u00e1 conex\u00e3o a pre\u00e7os reduzidos menores que os praticados pelas operadoras de internet.<\/p>\n<p>A conex\u00e3o de internet do programa ser\u00e1 feita por meio do Sat\u00e9lite Geoestacion\u00e1rio de Defesa e Comunica\u00e7\u00f5es Estrat\u00e9gicas (SGDC), de propriedade do governo brasileiro e que recebeu R$ 3 bilh\u00f5es em investimentos. Em \u00f3rbita desde maio de 2017, o sat\u00e9lite tem vida \u00fatil de 18 anos, sendo que tr\u00eas destes foram gra\u00e7as \u00e0s pesquisas dos cientistas brasileiros, que permitiram estender o prazo de opera\u00e7\u00e3o do SGCD, destacou o ministro Kassab.<\/p>\n<p><strong>CARIRI EM A\u00c7\u00c3O<\/strong><\/p>\n<p>Leia mais not\u00edcias em\u00a0<a href=\"http:\/\/www.caririemacao.com\/\">caririemacao.com<\/a>, siga nossa p\u00e1gina no\u00a0<a href=\"https:\/\/www.facebook.com\/CaririEmAcao\/?ref=aymt_homepage_panel\">Facebook<\/a>,\u00a0<a href=\"https:\/\/www.instagram.com\/cariri_em_acao\/?hl=pt-br\">Instagram<\/a>\u00a0e\u00a0<a href=\"https:\/\/www.youtube.com\/channel\/UCAptA0jQuYQy8vMhLt2m4qg\">Youtube<\/a>\u00a0e veja nossas mat\u00e9rias, v\u00eddeos e fotos. Voc\u00ea tamb\u00e9m pode enviar informa\u00e7\u00f5es \u00e0 Reda\u00e7\u00e3o do Portal Cariri em A\u00e7\u00e3o pelo WhatsApp (83) 9 9634.5791, (83) 9 9601-1162.<\/p>\n","protected":false},"excerpt":{"rendered":"<p>A Prefeitura de Amparo aderiu ao programa Internet Para Todos, do Minist\u00e9rio da Ci\u00eancia, Tecnologia, Inova\u00e7\u00f5es e Comunica\u00e7\u00f5es (MCTIC) que vai levar a banda larga&hellip; <\/p>\n","protected":false},"author":2,"featured_media":44138,"comment_status":"closed","ping_status":"closed","sticky":false,"template":"","format":"standard","meta":{"sfsi_plus_gutenberg_text_before_share":"","sfsi_plus_gutenberg_show_text_before_share":"","sfsi_plus_gutenberg_icon_type":"","sfsi_plus_gutenberg_icon_alignemt":"","sfsi_plus_gutenburg_max_per_row":"","footnotes":""},"categories":[6],"tags":[],"class_list":["post-44104","post","type-post","status-publish","format-standard","has-post-thumbnail","hentry","category-cidades"],"_links":{"self":[{"href":"https:\/\/www.caririemacao.com\/1\/wp-json\/wp\/v2\/posts\/44104","targetHints":{"allow":["GET"]}}],"collection":[{"href":"https:\/\/www.caririemacao.com\/1\/wp-json\/wp\/v2\/posts"}],"about":[{"href":"https:\/\/www.caririemacao.com\/1\/wp-json\/wp\/v2\/types\/post"}],"author":[{"embeddable":true,"href":"https:\/\/www.caririemacao.com\/1\/wp-json\/wp\/v2\/users\/2"}],"replies":[{"embeddable":true,"href":"https:\/\/www.caririemacao.com\/1\/wp-json\/wp\/v2\/comments?post=44104"}],"version-history":[{"count":0,"href":"https:\/\/www.caririemacao.com\/1\/wp-json\/wp\/v2\/posts\/44104\/revisions"}],"wp:featuredmedia":[{"embeddable":true,"href":"https:\/\/www.caririemacao.com\/1\/wp-json\/wp\/v2\/media\/44138"}],"wp:attachment":[{"href":"https:\/\/www.caririemacao.com\/1\/wp-json\/wp\/v2\/media?parent=44104"}],"wp:term":[{"taxonomy":"category","embeddable":true,"href":"https:\/\/www.caririemacao.com\/1\/wp-json\/wp\/v2\/categories?post=44104"},{"taxonomy":"post_tag","embeddable":true,"href":"https:\/\/www.caririemacao.com\/1\/wp-json\/wp\/v2\/tags?post=44104"}],"curies":[{"name":"wp","href":"https:\/\/api.w.org\/{rel}","templated":true}]}}