{"id":44152,"date":"2018-03-14T08:52:55","date_gmt":"2018-03-14T11:52:55","guid":{"rendered":"http:\/\/caririemacao.com\/1\/?p=44152"},"modified":"2018-03-14T08:52:55","modified_gmt":"2018-03-14T11:52:55","slug":"vice-prefeito-assume-pre-candidatura-a-governador","status":"publish","type":"post","link":"https:\/\/www.caririemacao.com\/1\/2018\/03\/14\/vice-prefeito-assume-pre-candidatura-a-governador\/","title":{"rendered":"Vice-prefeito assume pr\u00e9-candidatura a governador"},"content":{"rendered":"<p>O vice-prefeito de Jo\u00e3o Pessoa, Manoel Junior (PMDB), descartou, nessa ter\u00e7a-feira (13), qualquer possibilidade de disputar o cargo de deputado federal nas elei\u00e7\u00f5es deste ano, como vem sendo especulado por setores da imprensa paraibana.<\/p>\n<p>\u201cN\u00e3o disputarei o cargo de deputado federal, nem de estadual\u201d, assegurou.<\/p>\n<p>Com rela\u00e7\u00e3o\u00a0\u00e0 sua participa\u00e7\u00e3o no pleito, Manoel Junior revelou que vem dialogando com os seus aliados e aguarda as defini\u00e7\u00f5es do prefeito Luciano Cartaxo (PSD), mas ressalta que j\u00e1 colocou o nome \u00e0 disposi\u00e7\u00e3o do grupo das oposi\u00e7\u00f5es para disputar o cargo de governador.<\/p>\n<p>\u201cEstamos dialogando, mas j\u00e1 recebi v\u00e1rias manifesta\u00e7\u00f5es de apoio de partidos da oposi\u00e7\u00e3o em torno do lan\u00e7amento do meu nome para disputar o governo Estado, miss\u00e3o esta que aceito com muito entusiasmo\u201d, declarou.<\/p>\n<p><strong>CARIRI EM A\u00c7\u00c3O<\/strong><\/p>\n<p><em>Com\u00a0<\/em>Ascom<em>\/Foto: Reprodu\u00e7\u00e3o Internet<\/em><\/p>\n<p><strong>Leia mais not\u00edcias em\u00a0<\/strong><a href=\"http:\/\/www.caririemacao.com\/\"><strong>caririemacao.com<\/strong><\/a><strong>, siga nossa p\u00e1gina no\u00a0<\/strong><a href=\"https:\/\/www.facebook.com\/CaririEmAcao\/?ref=aymt_homepage_panel\"><strong>Facebook<\/strong><\/a>,<strong>\u00a0<\/strong><a href=\"https:\/\/www.instagram.com\/cariri_em_acao\/?hl=pt-br\"><strong>Instagram<\/strong><\/a><strong>\u00a0e <\/strong><a href=\"https:\/\/www.youtube.com\/channel\/UCAptA0jQuYQy8vMhLt2m4qg\"><strong>Youtube<\/strong><\/a><strong>\u00a0e veja nossas mat\u00e9rias, v\u00eddeos e fotos. Voc\u00ea tamb\u00e9m pode enviar informa\u00e7\u00f5es \u00e0 Reda\u00e7\u00e3o do Portal Cariri em A\u00e7\u00e3o pelo WhatsApp (83) 9 9634.5791, (83) 9 9601-1162.<\/strong><\/p>\n","protected":false},"excerpt":{"rendered":"<p>O vice-prefeito de Jo\u00e3o Pessoa, Manoel Junior (PMDB), descartou, nessa ter\u00e7a-feira (13), qualquer possibilidade de disputar o cargo de deputado federal nas elei\u00e7\u00f5es deste ano,&hellip; <\/p>\n","protected":false},"author":2,"featured_media":44153,"comment_status":"closed","ping_status":"closed","sticky":false,"template":"","format":"standard","meta":{"sfsi_plus_gutenberg_text_before_share":"","sfsi_plus_gutenberg_show_text_before_share":"","sfsi_plus_gutenberg_icon_type":"","sfsi_plus_gutenberg_icon_alignemt":"","sfsi_plus_gutenburg_max_per_row":"","footnotes":""},"categories":[1],"tags":[],"class_list":["post-44152","post","type-post","status-publish","format-standard","has-post-thumbnail","hentry","category-o-site"],"_links":{"self":[{"href":"https:\/\/www.caririemacao.com\/1\/wp-json\/wp\/v2\/posts\/44152","targetHints":{"allow":["GET"]}}],"collection":[{"href":"https:\/\/www.caririemacao.com\/1\/wp-json\/wp\/v2\/posts"}],"about":[{"href":"https:\/\/www.caririemacao.com\/1\/wp-json\/wp\/v2\/types\/post"}],"author":[{"embeddable":true,"href":"https:\/\/www.caririemacao.com\/1\/wp-json\/wp\/v2\/users\/2"}],"replies":[{"embeddable":true,"href":"https:\/\/www.caririemacao.com\/1\/wp-json\/wp\/v2\/comments?post=44152"}],"version-history":[{"count":0,"href":"https:\/\/www.caririemacao.com\/1\/wp-json\/wp\/v2\/posts\/44152\/revisions"}],"wp:featuredmedia":[{"embeddable":true,"href":"https:\/\/www.caririemacao.com\/1\/wp-json\/wp\/v2\/media\/44153"}],"wp:attachment":[{"href":"https:\/\/www.caririemacao.com\/1\/wp-json\/wp\/v2\/media?parent=44152"}],"wp:term":[{"taxonomy":"category","embeddable":true,"href":"https:\/\/www.caririemacao.com\/1\/wp-json\/wp\/v2\/categories?post=44152"},{"taxonomy":"post_tag","embeddable":true,"href":"https:\/\/www.caririemacao.com\/1\/wp-json\/wp\/v2\/tags?post=44152"}],"curies":[{"name":"wp","href":"https:\/\/api.w.org\/{rel}","templated":true}]}}