{"id":44163,"date":"2018-03-14T09:23:20","date_gmt":"2018-03-14T12:23:20","guid":{"rendered":"http:\/\/caririemacao.com\/1\/?p=44163"},"modified":"2018-03-14T09:23:20","modified_gmt":"2018-03-14T12:23:20","slug":"errou-de-novo-vasco-repete-erros-e-se-mostra-inofensivo-contra-a-la-u-em-casa","status":"publish","type":"post","link":"https:\/\/www.caririemacao.com\/1\/2018\/03\/14\/errou-de-novo-vasco-repete-erros-e-se-mostra-inofensivo-contra-a-la-u-em-casa\/","title":{"rendered":"ERROU DE NOVO: Vasco repete erros e se mostra inofensivo contra a La U em casa"},"content":{"rendered":"<div class=\"mc-column\">\n<div class=\"content-publication-data\">\n<p class=\"content-publication-data__updated\">A derrota por 1 a 0 para a Universidad de Chile, ter\u00e7a-feira, em S\u00e3o Janu\u00e1rio, foi um duro golpe nos planos do Vasco na Libertadores. Em um grupo com rivais t\u00e3o complicados, era fundamental ter conseguido a vit\u00f3ria em casa sobre os chilenos, mas em campo a equipe cruz-maltina ficou longe de merecer alcan\u00e7ar o objetivo. Foram erros antigos que tornaram o time inofensivo, apesar do empurr\u00e3o da torcida na arquibancada.<\/p>\n<\/div>\n<\/div>\n<div class=\"mc-article-body\">\n<article>\n<div class=\"mc-column content-media content-media--normal content-video\" data-block-type=\"backstage-video\" data-block-id=\"2\">\n<div class=\"content-media__container content-media__container--loaded\">\n<div class=\"content-video__video\">\n<div id=\"wp3-player-0\" class=\"clappr-player\" tabindex=\"9999\" data-player=\"\">\n<div class=\"dfp-ad-overlay dfp-ad-overlay--poster-mode\">\n<div><\/div>\n<\/div>\n<div class=\"container master-container pointer-enabled\" data-container=\"\" data-pip=\"\">\n<div class=\"poster\">\n<div class=\"poster__background\">\u00a0Havia o temor de que os oito casos de virose no elenco pudessem ter algum preju\u00edzo direto no desempenho. O principal efeito foi o fato de Wagner ter sido substitu\u00eddo ap\u00f3s se sentir mal e apresentar febre. Paulinho, que chegou a ir ao hospital para fazer exames na segunda, come\u00e7ou no banco e entrou em seu lugar na segunda etapa. N\u00e3o \u00e9 poss\u00edvel, portanto, colocar a culpa da derrota nos percal\u00e7os m\u00e9dicos.<\/div>\n<\/div>\n<\/div>\n<\/div>\n<\/div>\n<\/div>\n<\/div>\n<div class=\"mc-column content-text active-extra-styles \" data-block-type=\"unstyled\" data-block-weight=\"13\" data-block-id=\"4\">\n<p class=\"content-text__container \" data-track-category=\"Link no Texto\" data-track-links=\"\">&#8211; N\u00e3o \u00e9 desculpa. N\u00e3o foi determinante na partida &#8211; afirmou Z\u00e9 Ricardo.<\/p>\n<\/div>\n<div class=\"mc-column content-text active-extra-styles \" data-block-type=\"unstyled\" data-block-weight=\"6\" data-block-id=\"5\">\n<p class=\"content-text__container \" data-track-category=\"Link no Texto\" data-track-links=\"\"><strong>Sa\u00edda de bola: um problema recorrente<\/strong><\/p>\n<\/div>\n<div class=\"mc-column content-text active-extra-styles \" data-block-type=\"unstyled\" data-block-weight=\"58\" data-block-id=\"6\">\n<p class=\"content-text__container \" data-track-category=\"Link no Texto\" data-track-links=\"\">Boa parte do tempo em que a posse esteve com o Vasco contra a La U, a bola esta nos p\u00e9s dos zagueiros Erazo e Paul\u00e3o, que giraram as jogadas de um lado para outro para tentar encontrar espa\u00e7o na defesa chilena. Quando a op\u00e7\u00e3o foi pelos lan\u00e7amentos longos, os zagueiros da La U tiveram a vida facilitada.<\/p>\n<\/div>\n<div class=\"mc-column content-media content-media--normal  content-photo\" data-block-type=\"backstage-photo\" data-block-id=\"7\">\n<div class=\"content-media__container\">\n<div class=\"content-media__image-centered\">\n<div class=\"progressive-img can-open-lightbox\" data-min-size=\"1008x616\" data-min-size-url=\"https:\/\/s2.glbimg.com\/myl7Et9hLVrB6GSTkO6fgRsGi78=\/0x0:2000x1224\/1008x0\/smart\/filters:strip_icc()\/s.glbimg.com\/es\/ge\/f\/original\/2018\/03\/13\/foto_2_57drYHU.jpg\" data-max-size=\"1600x979\" data-max-size-url=\"https:\/\/s2.glbimg.com\/-ym2K0IL8Nk6mDaD4y7PejfOijQ=\/0x0:2000x1224\/1600x0\/smart\/filters:strip_icc()\/s.glbimg.com\/es\/ge\/f\/original\/2018\/03\/13\/foto_2_57drYHU.jpg\" data-media-index=\"0\"><\/div>\n<\/div>\n<\/div>\n<\/div>\n<div class=\"content-ads content-ads--reveal\" data-block-type=\"ads\" data-block-id=\"8\">Em outras partidas a sa\u00edda de bola j\u00e1 foi um problema. A alternativa normalmente encontrada por Z\u00e9 Ricardo \u00e9 abrir os zagueiros e recuar Des\u00e1bato para o meio da zaga para explorar sua boa capacidade de passar. Contra os chilenos, n\u00e3o surtiu efeito. Quando o argentino saiu por causa de um inc\u00f4modo muscular, o time ficou mais desprotegido atuando com apenas Wellington na marca\u00e7\u00e3o.<\/div>\n<div class=\"mc-column content-text active-extra-styles \" data-block-type=\"unstyled\" data-block-weight=\"39\" data-block-id=\"10\">\n<p class=\"content-text__container \" data-track-category=\"Link no Texto\" data-track-links=\"\">O gol da vit\u00f3ria dos chilenos saiu em uma bobeira da defesa. Ap\u00f3s uma cobran\u00e7a de lateral, Paul\u00e3o deu o bote errado e Araos chutou. Mart\u00edn Silva tamb\u00e9m vacilou e n\u00e3o defendeu a bola que passou por baixo dele.<\/p>\n<\/div>\n<div class=\"mc-column content-text active-extra-styles \" data-block-type=\"unstyled\" data-block-weight=\"62\" data-block-id=\"11\">\n<p class=\"content-text__container \" data-track-category=\"Link no Texto\" data-track-links=\"\">&#8211; Acho que faltou sincronismo na sa\u00edda de bola. Eles fizeram gol em um lance isolado, jogada de lateral. A partida foi decidida em um detalhe. A La U veio bem fechada e marcou nossas subidas pelos lados. Por dentro tivemos dificuldades. Mas o determinante acabou sendo uma jogada isolada. \u00c9 uma competi\u00e7\u00e3o que precisamos estar 100% concentrados &#8211; analisou o treinador.<\/p>\n<\/div>\n<div class=\"mc-column content-text active-extra-styles \" data-block-type=\"unstyled\" data-block-weight=\"4\" data-block-id=\"12\">\n<p class=\"content-text__container \" data-track-category=\"Link no Texto\" data-track-links=\"\"><strong>Laterais bloqueadas; meio embolado<\/strong><\/p>\n<\/div>\n<div class=\"mc-column content-text active-extra-styles \" data-block-type=\"unstyled\" data-block-weight=\"75\" data-block-id=\"13\">\n<p class=\"content-text__container \" data-track-category=\"Link no Texto\" data-track-links=\"\">A equipe da Universidad de Chile fez bem o dever de casa e estudou bem as armas do Vasco. Com uma boa postura t\u00e1tica, os chilenos conseguiram bloquear a maior parte dos avan\u00e7os dos laterais, principalmente Pikachu, que constantemente apareceu como elemento-surpresa em partidas anteriores para finalizar, e n\u00e3o \u00e0 toa \u00e9 o artilheiro do time na Libertadores. Sua maior contribui\u00e7\u00e3o foi um bom cruzamento para Rildo, que n\u00e3o conseguiu fazer o gol de cabe\u00e7a.<\/p>\n<\/div>\n<div class=\"mc-column content-text active-extra-styles \" data-block-type=\"unstyled\" data-block-weight=\"43\" data-block-id=\"14\">\n<p class=\"content-text__container \" data-track-category=\"Link no Texto\" data-track-links=\"\">Na segunda etapa, Z\u00e9 Ricardo utilizou Paulinho, Andr\u00e9s R\u00edos e Paulo Vitor para tentar dar for\u00e7a ofensiva ao time, mas n\u00e3o houve grande impacto no rendimento da equipe, que embolou o jogo pelo meio e deixou a miss\u00e3o da La U mais facilitada.<\/p>\n<\/div>\n<div class=\"mc-column content-text active-extra-styles \" data-block-type=\"unstyled\" data-block-weight=\"35\" data-block-id=\"15\">\n<p class=\"content-text__container \" data-track-category=\"Link no Texto\" data-track-links=\"\">&#8211; N\u00e3o conseguimos criar pelos lados. Faltou mobilidade por dentro. A La U se fechou bem e tinha uma sa\u00edda forte. Foi uma noite em que n\u00e3o fomos felizes na cria\u00e7\u00e3o &#8211; afirmou Z\u00e9 Ricardo.<\/p>\n<\/div>\n<div class=\"mc-column content-text active-extra-styles \" data-block-type=\"unstyled\" data-block-weight=\"4\" data-block-id=\"17\">\n<p class=\"content-text__container \" data-track-category=\"Link no Texto\" data-track-links=\"\"><strong>Riascos fora de sintonia<\/strong><\/p>\n<\/div>\n<div class=\"mc-column content-text active-extra-styles \" data-block-type=\"unstyled\" data-block-weight=\"60\" data-block-id=\"18\">\n<p class=\"content-text__container \" data-track-category=\"Link no Texto\" data-track-links=\"\">Diante da necessidade de ter uma maior presen\u00e7a dentro da \u00e1rea advers\u00e1ria, o colombiano foi o escolhido para ser o titular, e Andr\u00e9s R\u00edos ficou no banco. Em um lance isolado, Riascos conseguiu acertar a trave em um chute que foi mais um cruzamento. De resto, teve dificuldade para dar sequ\u00eancia nos lances e fazer o piv\u00f4 para os companheiros.<\/p>\n<article>\n<div class=\"mc-column content-text active-extra-styles \" data-block-type=\"unstyled\" data-block-weight=\"57\" data-block-id=\"20\">\n<p class=\"content-text__container \" data-track-category=\"Link no Texto\" data-track-links=\"\">Com os resultados da rodada, o Gigante da Colina fica em terceiro no Grupo 5, \u00e0 frente apenas do Cruzeiro, que perdeu de 4 a 2 para o Racing na semana passada. A equipe argentina lidera, seguida da La U. O Vasco volta a campo pela Liberta no dia 4 de abril, contra o Cruzeiro, em Minas.<\/p>\n<\/div>\n<div data-track-category=\"fim do conteudo\" data-track-action=\"ultimo chunk conteudo\" data-track-noninteraction=\"false\" data-track-scroll=\"entrada completa viewport\">\n<div class=\"mc-column content-text active-extra-styles \" data-block-type=\"unstyled\" data-block-weight=\"42\" data-block-id=\"21\">\n<p class=\"content-text__container \" data-track-category=\"Link no Texto\" data-track-links=\"\">Antes da partida contra os chilens, Z\u00e9 Ricardo comentou sobre o objetivo de chegar a pelo menos 11 pontos para garantir a classifica\u00e7\u00e3o. Desta forma, com apenas mais dois jogos em S\u00e3o Janu\u00e1rio, ser\u00e1 preciso correr atr\u00e1s do preju\u00edzo fora de casa.<\/p>\n<p><strong>CARIRI EM A\u00c7\u00c3O<\/strong><\/p>\n<p><em>Com G1 \/Foto: Reprodu\u00e7\u00e3o Internet<\/em><\/p>\n<p><strong>Leia mais not\u00edcias em\u00a0<\/strong><a href=\"http:\/\/www.caririemacao.com\/\"><strong>caririemacao.com<\/strong><\/a><strong>, siga nossa p\u00e1gina no\u00a0<\/strong><a href=\"https:\/\/www.facebook.com\/CaririEmAcao\/?ref=aymt_homepage_panel\"><strong>Facebook<\/strong><\/a>,<strong>\u00a0<\/strong><a href=\"https:\/\/www.instagram.com\/cariri_em_acao\/?hl=pt-br\"><strong>Instagram<\/strong><\/a><strong>\u00a0e <\/strong><a href=\"https:\/\/www.youtube.com\/channel\/UCAptA0jQuYQy8vMhLt2m4qg\"><strong>Youtube<\/strong><\/a><strong>\u00a0e veja nossas mat\u00e9rias, v\u00eddeos e fotos. Voc\u00ea tamb\u00e9m pode enviar informa\u00e7\u00f5es \u00e0 Reda\u00e7\u00e3o do Portal Cariri em A\u00e7\u00e3o pelo WhatsApp (83) 9 9634.5791, (83) 9 9601-1162.<\/strong><\/p>\n<\/div>\n<\/div>\n<\/article>\n<\/div>\n<\/article>\n<\/div>\n","protected":false},"excerpt":{"rendered":"<p>A derrota por 1 a 0 para a Universidad de Chile, ter\u00e7a-feira, em S\u00e3o Janu\u00e1rio, foi um duro golpe nos planos do Vasco na Libertadores.&hellip; <\/p>\n","protected":false},"author":2,"featured_media":44165,"comment_status":"closed","ping_status":"closed","sticky":false,"template":"","format":"standard","meta":{"sfsi_plus_gutenberg_text_before_share":"","sfsi_plus_gutenberg_show_text_before_share":"","sfsi_plus_gutenberg_icon_type":"","sfsi_plus_gutenberg_icon_alignemt":"","sfsi_plus_gutenburg_max_per_row":"","footnotes":""},"categories":[13],"tags":[],"class_list":["post-44163","post","type-post","status-publish","format-standard","has-post-thumbnail","hentry","category-esportes"],"_links":{"self":[{"href":"https:\/\/www.caririemacao.com\/1\/wp-json\/wp\/v2\/posts\/44163","targetHints":{"allow":["GET"]}}],"collection":[{"href":"https:\/\/www.caririemacao.com\/1\/wp-json\/wp\/v2\/posts"}],"about":[{"href":"https:\/\/www.caririemacao.com\/1\/wp-json\/wp\/v2\/types\/post"}],"author":[{"embeddable":true,"href":"https:\/\/www.caririemacao.com\/1\/wp-json\/wp\/v2\/users\/2"}],"replies":[{"embeddable":true,"href":"https:\/\/www.caririemacao.com\/1\/wp-json\/wp\/v2\/comments?post=44163"}],"version-history":[{"count":0,"href":"https:\/\/www.caririemacao.com\/1\/wp-json\/wp\/v2\/posts\/44163\/revisions"}],"wp:featuredmedia":[{"embeddable":true,"href":"https:\/\/www.caririemacao.com\/1\/wp-json\/wp\/v2\/media\/44165"}],"wp:attachment":[{"href":"https:\/\/www.caririemacao.com\/1\/wp-json\/wp\/v2\/media?parent=44163"}],"wp:term":[{"taxonomy":"category","embeddable":true,"href":"https:\/\/www.caririemacao.com\/1\/wp-json\/wp\/v2\/categories?post=44163"},{"taxonomy":"post_tag","embeddable":true,"href":"https:\/\/www.caririemacao.com\/1\/wp-json\/wp\/v2\/tags?post=44163"}],"curies":[{"name":"wp","href":"https:\/\/api.w.org\/{rel}","templated":true}]}}