{"id":44164,"date":"2018-03-14T09:22:14","date_gmt":"2018-03-14T12:22:14","guid":{"rendered":"http:\/\/caririemacao.com\/1\/?p=44164"},"modified":"2018-03-14T09:22:52","modified_gmt":"2018-03-14T12:22:52","slug":"ouro-velho-vai-receber-o-programa-internet-para-todos","status":"publish","type":"post","link":"https:\/\/www.caririemacao.com\/1\/2018\/03\/14\/ouro-velho-vai-receber-o-programa-internet-para-todos\/","title":{"rendered":"Ouro Velho vai receber o Programa Internet para todos"},"content":{"rendered":"<p>A prefeita de Ouro Velho, Nat\u00e1lia Lira informou que assinou o termo de ades\u00e3o ao programa Internet para Todos, do Governo Federal, atrav\u00e9s do Minist\u00e9rio de Ci\u00eancia e Tecnologia. Vale destacar que Ouro Velho \u00e9 um dos munic\u00edpios que aderiu ao programa.<\/p>\n<p><a href=\"http:\/\/caririemacao.com\/1\/?attachment_id=43402\" rel=\"attachment wp-att-43402\"><img fetchpriority=\"high\" decoding=\"async\" class=\"size-full wp-image-43402\" src=\"http:\/\/caririemacao.com\/1\/wp-content\/uploads\/2018\/03\/26730796_1164830923652929_8971589354534246951_n.jpg\" alt=\"Nat\u00e1lia ouro Velho\" width=\"960\" height=\"640\" srcset=\"https:\/\/www.caririemacao.com\/1\/wp-content\/uploads\/2018\/03\/26730796_1164830923652929_8971589354534246951_n.jpg 960w, https:\/\/www.caririemacao.com\/1\/wp-content\/uploads\/2018\/03\/26730796_1164830923652929_8971589354534246951_n-300x200.jpg 300w, https:\/\/www.caririemacao.com\/1\/wp-content\/uploads\/2018\/03\/26730796_1164830923652929_8971589354534246951_n-768x512.jpg 768w\" sizes=\"(max-width: 960px) 100vw, 960px\" \/><\/a><\/p>\n<p><span style=\"font-size: 16px;\">Para a prefeita, Nat\u00e1lia Lira, o programa \u00e9 de extrema import\u00e2ncia para os munic\u00edpios brasileiros. \u201cEla disse que este programa \u00e9 um avan\u00e7o tecnol\u00f3gico que possibilitar\u00e1 melhores condi\u00e7\u00f5es aos munic\u00edpios contemplados, em especial, para o munic\u00edpio de Ouro Velho.<\/span>O \u201cInternet para Todos\u201d levar\u00e1 acesso \u00e0 banda larga para localidades sem conectividade. \u201cTodas as escolas p\u00fablicas e reparti\u00e7\u00f5es p\u00fablicas v\u00e3o ter acesso \u00e0 internet, o munic\u00edpio vai ficar coberto. \u00c9 uma vantagem grande e vai trazer mais acesso \u00e0 cultura e informa\u00e7\u00e3o\u201d, afirmou a prefeita.<\/p>\n<p><strong>CARIRI EM A\u00c7\u00c3O<\/strong><\/p>\n<p>Leia mais not\u00edcias em\u00a0<a href=\"http:\/\/www.caririemacao.com\/\">caririemacao.com<\/a>, siga nossa p\u00e1gina no\u00a0<a href=\"https:\/\/www.facebook.com\/CaririEmAcao\/?ref=aymt_homepage_panel\">Facebook<\/a>,\u00a0<a href=\"https:\/\/www.instagram.com\/cariri_em_acao\/?hl=pt-br\">Instagram<\/a>\u00a0e\u00a0<a href=\"https:\/\/www.youtube.com\/channel\/UCAptA0jQuYQy8vMhLt2m4qg\">Youtube<\/a>\u00a0e veja nossas mat\u00e9rias, v\u00eddeos e fotos. Voc\u00ea tamb\u00e9m pode enviar informa\u00e7\u00f5es \u00e0 Reda\u00e7\u00e3o do Portal Cariri em A\u00e7\u00e3o pelo WhatsApp (83) 9 9634.5791, (83) 9 9601-1162.<\/p>\n","protected":false},"excerpt":{"rendered":"<p>A prefeita de Ouro Velho, Nat\u00e1lia Lira informou que assinou o termo de ades\u00e3o ao programa Internet para Todos, do Governo Federal, atrav\u00e9s do Minist\u00e9rio&hellip; <\/p>\n","protected":false},"author":2,"featured_media":44181,"comment_status":"closed","ping_status":"closed","sticky":false,"template":"","format":"standard","meta":{"sfsi_plus_gutenberg_text_before_share":"","sfsi_plus_gutenberg_show_text_before_share":"","sfsi_plus_gutenberg_icon_type":"","sfsi_plus_gutenberg_icon_alignemt":"","sfsi_plus_gutenburg_max_per_row":"","footnotes":""},"categories":[2],"tags":[],"class_list":["post-44164","post","type-post","status-publish","format-standard","has-post-thumbnail","hentry","category-geral"],"_links":{"self":[{"href":"https:\/\/www.caririemacao.com\/1\/wp-json\/wp\/v2\/posts\/44164","targetHints":{"allow":["GET"]}}],"collection":[{"href":"https:\/\/www.caririemacao.com\/1\/wp-json\/wp\/v2\/posts"}],"about":[{"href":"https:\/\/www.caririemacao.com\/1\/wp-json\/wp\/v2\/types\/post"}],"author":[{"embeddable":true,"href":"https:\/\/www.caririemacao.com\/1\/wp-json\/wp\/v2\/users\/2"}],"replies":[{"embeddable":true,"href":"https:\/\/www.caririemacao.com\/1\/wp-json\/wp\/v2\/comments?post=44164"}],"version-history":[{"count":0,"href":"https:\/\/www.caririemacao.com\/1\/wp-json\/wp\/v2\/posts\/44164\/revisions"}],"wp:featuredmedia":[{"embeddable":true,"href":"https:\/\/www.caririemacao.com\/1\/wp-json\/wp\/v2\/media\/44181"}],"wp:attachment":[{"href":"https:\/\/www.caririemacao.com\/1\/wp-json\/wp\/v2\/media?parent=44164"}],"wp:term":[{"taxonomy":"category","embeddable":true,"href":"https:\/\/www.caririemacao.com\/1\/wp-json\/wp\/v2\/categories?post=44164"},{"taxonomy":"post_tag","embeddable":true,"href":"https:\/\/www.caririemacao.com\/1\/wp-json\/wp\/v2\/tags?post=44164"}],"curies":[{"name":"wp","href":"https:\/\/api.w.org\/{rel}","templated":true}]}}