{"id":44185,"date":"2018-03-14T09:26:06","date_gmt":"2018-03-14T12:26:06","guid":{"rendered":"http:\/\/caririemacao.com\/1\/?p=44185"},"modified":"2018-03-14T09:26:06","modified_gmt":"2018-03-14T12:26:06","slug":"governo-federal-libera-r-43-mi-para-seguranca-e-saneamento-na-pb","status":"publish","type":"post","link":"https:\/\/www.caririemacao.com\/1\/2018\/03\/14\/governo-federal-libera-r-43-mi-para-seguranca-e-saneamento-na-pb\/","title":{"rendered":"Governo federal libera R$ 43 mi para seguran\u00e7a e saneamento na PB"},"content":{"rendered":"<p>O governo federal sancionou uma lei nessa segunda-feira (12) que disponibiliza R$ 2 bilh\u00f5es para programas de Minist\u00e9rios da Educa\u00e7\u00e3o, da Sa\u00fade e do Desenvolvimento Social, realizados em todo pa\u00eds. Ser\u00e3o direcionados R$ 42.946.175,00 para Para\u00edba.<\/p>\n<p>A maior parte do recurso, cerca de R$ 38 milh\u00f5es, vai ser investida em saneamento b\u00e1sico. O recurso deve ser aplicado na implanta\u00e7\u00e3o, amplia\u00e7\u00e3o ou melhoria de a\u00e7\u00f5es e servi\u00e7os sustent\u00e1veis de saneamento pequenas comunidades rurais (localidades de pequeno porte) ou em comunidade quilombolas.<\/p>\n<p>J\u00e1 o restante do montante destinado ao estado vai ser investido em seguran\u00e7a p\u00fablica. O cr\u00e9dito especial ser\u00e1 direcionado para modernizar as institui\u00e7\u00f5es de seguran\u00e7a p\u00fablica, com as aquisi\u00e7\u00f5es de novos equipamentos.<\/p>\n<p><strong>CARIRI EM A\u00c7\u00c3O<\/strong><\/p>\n<p><em>Com Portal Correio\/Foto: Reprodu\u00e7\u00e3o Internet<\/em><\/p>\n<p><strong>Leia mais not\u00edcias em\u00a0<\/strong><a href=\"http:\/\/www.caririemacao.com\/\"><strong>caririemacao.com<\/strong><\/a><strong>, siga nossa p\u00e1gina no\u00a0<\/strong><a href=\"https:\/\/www.facebook.com\/CaririEmAcao\/?ref=aymt_homepage_panel\"><strong>Facebook<\/strong><\/a>,<strong>\u00a0<\/strong><a href=\"https:\/\/www.instagram.com\/cariri_em_acao\/?hl=pt-br\"><strong>Instagram<\/strong><\/a><strong>\u00a0e <\/strong><a href=\"https:\/\/www.youtube.com\/channel\/UCAptA0jQuYQy8vMhLt2m4qg\"><strong>Youtube<\/strong><\/a><strong>\u00a0e veja nossas mat\u00e9rias, v\u00eddeos e fotos. Voc\u00ea tamb\u00e9m pode enviar informa\u00e7\u00f5es \u00e0 Reda\u00e7\u00e3o do Portal Cariri em A\u00e7\u00e3o pelo WhatsApp (83) 9 9634.5791, (83) 9 9601-1162.<\/strong><\/p>\n","protected":false},"excerpt":{"rendered":"<p>O governo federal sancionou uma lei nessa segunda-feira (12) que disponibiliza R$ 2 bilh\u00f5es para programas de Minist\u00e9rios da Educa\u00e7\u00e3o, da Sa\u00fade e do Desenvolvimento&hellip; <\/p>\n","protected":false},"author":2,"featured_media":38042,"comment_status":"closed","ping_status":"closed","sticky":false,"template":"","format":"standard","meta":{"sfsi_plus_gutenberg_text_before_share":"","sfsi_plus_gutenberg_show_text_before_share":"","sfsi_plus_gutenberg_icon_type":"","sfsi_plus_gutenberg_icon_alignemt":"","sfsi_plus_gutenburg_max_per_row":"","footnotes":""},"categories":[11],"tags":[],"class_list":["post-44185","post","type-post","status-publish","format-standard","has-post-thumbnail","hentry","category-politica"],"_links":{"self":[{"href":"https:\/\/www.caririemacao.com\/1\/wp-json\/wp\/v2\/posts\/44185","targetHints":{"allow":["GET"]}}],"collection":[{"href":"https:\/\/www.caririemacao.com\/1\/wp-json\/wp\/v2\/posts"}],"about":[{"href":"https:\/\/www.caririemacao.com\/1\/wp-json\/wp\/v2\/types\/post"}],"author":[{"embeddable":true,"href":"https:\/\/www.caririemacao.com\/1\/wp-json\/wp\/v2\/users\/2"}],"replies":[{"embeddable":true,"href":"https:\/\/www.caririemacao.com\/1\/wp-json\/wp\/v2\/comments?post=44185"}],"version-history":[{"count":0,"href":"https:\/\/www.caririemacao.com\/1\/wp-json\/wp\/v2\/posts\/44185\/revisions"}],"wp:featuredmedia":[{"embeddable":true,"href":"https:\/\/www.caririemacao.com\/1\/wp-json\/wp\/v2\/media\/38042"}],"wp:attachment":[{"href":"https:\/\/www.caririemacao.com\/1\/wp-json\/wp\/v2\/media?parent=44185"}],"wp:term":[{"taxonomy":"category","embeddable":true,"href":"https:\/\/www.caririemacao.com\/1\/wp-json\/wp\/v2\/categories?post=44185"},{"taxonomy":"post_tag","embeddable":true,"href":"https:\/\/www.caririemacao.com\/1\/wp-json\/wp\/v2\/tags?post=44185"}],"curies":[{"name":"wp","href":"https:\/\/api.w.org\/{rel}","templated":true}]}}