{"id":44188,"date":"2018-03-14T09:53:09","date_gmt":"2018-03-14T12:53:09","guid":{"rendered":"http:\/\/caririemacao.com\/1\/?p=44188"},"modified":"2018-03-14T10:52:58","modified_gmt":"2018-03-14T13:52:58","slug":"prefeitura-de-camalau-entrega-material-de-informatica-e-livros-na-rede-municipal-de-ensino","status":"publish","type":"post","link":"https:\/\/www.caririemacao.com\/1\/2018\/03\/14\/prefeitura-de-camalau-entrega-material-de-informatica-e-livros-na-rede-municipal-de-ensino\/","title":{"rendered":"Prefeitura de Camala\u00fa entrega material de inform\u00e1tica e livros na Rede Municipal de Ensino"},"content":{"rendered":"<p>O prefeito de Camala\u00fa, Sandro M\u00f4co, esteve na ao lado da secret\u00e1ria de educa\u00e7\u00e3o, Sandra Maria, entregando durante a \u00faltima sexta-feira, dia 09, material de inform\u00e1tica e livros nas escolas da Rede Municipal de Ensino.<\/p>\n<p><a href=\"http:\/\/caririemacao.com\/1\/?attachment_id=44192\" rel=\"attachment wp-att-44192\"><img fetchpriority=\"high\" decoding=\"async\" class=\"aligncenter size-full wp-image-44192\" src=\"http:\/\/caririemacao.com\/1\/wp-content\/uploads\/2018\/03\/29214198_1488773674579393_2584723984591355904_o.jpg\" alt=\"\" width=\"1152\" height=\"864\" srcset=\"https:\/\/www.caririemacao.com\/1\/wp-content\/uploads\/2018\/03\/29214198_1488773674579393_2584723984591355904_o.jpg 1152w, https:\/\/www.caririemacao.com\/1\/wp-content\/uploads\/2018\/03\/29214198_1488773674579393_2584723984591355904_o-300x225.jpg 300w, https:\/\/www.caririemacao.com\/1\/wp-content\/uploads\/2018\/03\/29214198_1488773674579393_2584723984591355904_o-768x576.jpg 768w, https:\/\/www.caririemacao.com\/1\/wp-content\/uploads\/2018\/03\/29214198_1488773674579393_2584723984591355904_o-1024x768.jpg 1024w\" sizes=\"(max-width: 1152px) 100vw, 1152px\" \/><\/a><\/p>\n<p>Ao todo, est\u00e3o sendo contempladas as escolas Francisco Chaves Ventura, Centro Educacional Odete Maciel Firmo, Creche Lar da Crian\u00e7a e a escola no s\u00edtio Cangalha.<\/p>\n<p><a href=\"http:\/\/caririemacao.com\/1\/?attachment_id=44191\" rel=\"attachment wp-att-44191\"><img decoding=\"async\" class=\"aligncenter size-full wp-image-44191 lazyload\" data-src=\"http:\/\/caririemacao.com\/1\/wp-content\/uploads\/2018\/03\/29187021_1488773881246039_6104499230406082560_o.jpg\" alt=\"\" width=\"1152\" height=\"864\" data-srcset=\"https:\/\/www.caririemacao.com\/1\/wp-content\/uploads\/2018\/03\/29187021_1488773881246039_6104499230406082560_o.jpg 1152w, https:\/\/www.caririemacao.com\/1\/wp-content\/uploads\/2018\/03\/29187021_1488773881246039_6104499230406082560_o-300x225.jpg 300w, https:\/\/www.caririemacao.com\/1\/wp-content\/uploads\/2018\/03\/29187021_1488773881246039_6104499230406082560_o-768x576.jpg 768w, https:\/\/www.caririemacao.com\/1\/wp-content\/uploads\/2018\/03\/29187021_1488773881246039_6104499230406082560_o-1024x768.jpg 1024w\" data-sizes=\"(max-width: 1152px) 100vw, 1152px\" src=\"data:image\/svg+xml;base64,PHN2ZyB3aWR0aD0iMSIgaGVpZ2h0PSIxIiB4bWxucz0iaHR0cDovL3d3dy53My5vcmcvMjAwMC9zdmciPjwvc3ZnPg==\" style=\"--smush-placeholder-width: 1152px; --smush-placeholder-aspect-ratio: 1152\/864;\" \/><\/a><\/p>\n<p>Segundo o prefeito, as escolas Francisco Chaves Ventura e o Centro Educacional Odete Maciel Firmo receberam computadores, ar condicionados, projetores, nobreak, impressoras, roteadores, mesas pl\u00e1sticas, e na creche Lar da Crian\u00e7a, al\u00e9m de material de inform\u00e1tica, o prefeito tamb\u00e9m entregou cole\u00e7\u00f5es de livros para incentivar a pr\u00e1tica da leitura neste educand\u00e1rio.<\/p>\n<p><a href=\"http:\/\/caririemacao.com\/1\/?attachment_id=44189\" rel=\"attachment wp-att-44189\"><img decoding=\"async\" class=\"aligncenter size-full wp-image-44189 lazyload\" data-src=\"http:\/\/caririemacao.com\/1\/wp-content\/uploads\/2018\/03\/29177594_1488771701246257_1901419035967356928_n.jpg\" alt=\"\" width=\"960\" height=\"720\" data-srcset=\"https:\/\/www.caririemacao.com\/1\/wp-content\/uploads\/2018\/03\/29177594_1488771701246257_1901419035967356928_n.jpg 960w, https:\/\/www.caririemacao.com\/1\/wp-content\/uploads\/2018\/03\/29177594_1488771701246257_1901419035967356928_n-300x225.jpg 300w, https:\/\/www.caririemacao.com\/1\/wp-content\/uploads\/2018\/03\/29177594_1488771701246257_1901419035967356928_n-768x576.jpg 768w\" data-sizes=\"(max-width: 960px) 100vw, 960px\" src=\"data:image\/svg+xml;base64,PHN2ZyB3aWR0aD0iMSIgaGVpZ2h0PSIxIiB4bWxucz0iaHR0cDovL3d3dy53My5vcmcvMjAwMC9zdmciPjwvc3ZnPg==\" style=\"--smush-placeholder-width: 960px; --smush-placeholder-aspect-ratio: 960\/720;\" \/><\/a><\/p>\n<p>A secret\u00e1ria de educa\u00e7\u00e3o, Sandra Maria, informou ao Cariri em A\u00e7\u00e3o que ainda esta semana a escola Municipal da comunidade de Cangalha estar\u00e1 recebendo seu material.<\/p>\n<p><strong>CARIRI EM A\u00c7\u00c3O<\/strong><\/p>\n<p>Leia mais not\u00edcias em\u00a0<a href=\"http:\/\/www.caririemacao.com\/\">caririemacao.com<\/a>, siga nossa p\u00e1gina no\u00a0<a href=\"https:\/\/www.facebook.com\/CaririEmAcao\/?ref=aymt_homepage_panel\">Facebook<\/a>,\u00a0<a href=\"https:\/\/www.instagram.com\/cariri_em_acao\/?hl=pt-br\">Instagram<\/a>\u00a0e\u00a0<a href=\"https:\/\/www.youtube.com\/channel\/UCAptA0jQuYQy8vMhLt2m4qg\">Youtube<\/a>\u00a0e veja nossas mat\u00e9rias, v\u00eddeos e fotos. Voc\u00ea tamb\u00e9m pode enviar informa\u00e7\u00f5es \u00e0 Reda\u00e7\u00e3o do Portal Cariri em A\u00e7\u00e3o pelo WhatsApp (83) 9 9634.5791, (83) 9 9601-1162.<\/p>\n","protected":false},"excerpt":{"rendered":"<p>O prefeito de Camala\u00fa, Sandro M\u00f4co, esteve na ao lado da secret\u00e1ria de educa\u00e7\u00e3o, Sandra Maria, entregando durante a \u00faltima sexta-feira, dia 09, material de&hellip; <\/p>\n","protected":false},"author":2,"featured_media":44190,"comment_status":"closed","ping_status":"closed","sticky":false,"template":"","format":"standard","meta":{"sfsi_plus_gutenberg_text_before_share":"","sfsi_plus_gutenberg_show_text_before_share":"","sfsi_plus_gutenberg_icon_type":"","sfsi_plus_gutenberg_icon_alignemt":"","sfsi_plus_gutenburg_max_per_row":"","footnotes":""},"categories":[2],"tags":[],"class_list":["post-44188","post","type-post","status-publish","format-standard","has-post-thumbnail","hentry","category-geral"],"_links":{"self":[{"href":"https:\/\/www.caririemacao.com\/1\/wp-json\/wp\/v2\/posts\/44188","targetHints":{"allow":["GET"]}}],"collection":[{"href":"https:\/\/www.caririemacao.com\/1\/wp-json\/wp\/v2\/posts"}],"about":[{"href":"https:\/\/www.caririemacao.com\/1\/wp-json\/wp\/v2\/types\/post"}],"author":[{"embeddable":true,"href":"https:\/\/www.caririemacao.com\/1\/wp-json\/wp\/v2\/users\/2"}],"replies":[{"embeddable":true,"href":"https:\/\/www.caririemacao.com\/1\/wp-json\/wp\/v2\/comments?post=44188"}],"version-history":[{"count":0,"href":"https:\/\/www.caririemacao.com\/1\/wp-json\/wp\/v2\/posts\/44188\/revisions"}],"wp:featuredmedia":[{"embeddable":true,"href":"https:\/\/www.caririemacao.com\/1\/wp-json\/wp\/v2\/media\/44190"}],"wp:attachment":[{"href":"https:\/\/www.caririemacao.com\/1\/wp-json\/wp\/v2\/media?parent=44188"}],"wp:term":[{"taxonomy":"category","embeddable":true,"href":"https:\/\/www.caririemacao.com\/1\/wp-json\/wp\/v2\/categories?post=44188"},{"taxonomy":"post_tag","embeddable":true,"href":"https:\/\/www.caririemacao.com\/1\/wp-json\/wp\/v2\/tags?post=44188"}],"curies":[{"name":"wp","href":"https:\/\/api.w.org\/{rel}","templated":true}]}}