{"id":44200,"date":"2018-03-14T10:10:38","date_gmt":"2018-03-14T13:10:38","guid":{"rendered":"http:\/\/caririemacao.com\/1\/?p=44200"},"modified":"2018-03-14T10:10:38","modified_gmt":"2018-03-14T13:10:38","slug":"secretaria-de-saude-de-gurjao-realizou-mesa-redonda-em-alusao-ao-dia-internacional-da-mulher","status":"publish","type":"post","link":"https:\/\/www.caririemacao.com\/1\/2018\/03\/14\/secretaria-de-saude-de-gurjao-realizou-mesa-redonda-em-alusao-ao-dia-internacional-da-mulher\/","title":{"rendered":"Secretaria de Sa\u00fade de Gurj\u00e3o realizou mesa redonda em alus\u00e3o ao dia internacional da mulher"},"content":{"rendered":"<p>Em homenagem ao Dia Internacional da Mulher, a Secretaria de Sa\u00fade de Gurj\u00e3o na pessoa da Secret\u00e1ria Bruna Moura realizou com a comunidade uma da mesa-redonda\u00a0\u00a0com o tema \u201cLutas sociais pelo enfrentamento da viol\u00eancia contra a mulher\u201d\u201d, o evento aconteceu nesta \u00faltima segunda(12) na audit\u00f3rio In\u00e1cio Caluete e contou a presen\u00e7as das psic\u00f3logas Dra. Emilly P. Silva e Dra. Ana Gabriela\u00a0\u00a0al\u00e9m da soci\u00f3loga Caroline B. de Albuquerque.<\/p>\n<p><a href=\"http:\/\/caririemacao.com\/1\/?attachment_id=44203\" rel=\"attachment wp-att-44203\"><img fetchpriority=\"high\" decoding=\"async\" class=\"aligncenter size-full wp-image-44203\" src=\"http:\/\/caririemacao.com\/1\/wp-content\/uploads\/2018\/03\/11e7d515-f2a3-49e1-8cbc-b658215284c2.jpg\" alt=\"\" width=\"1232\" height=\"816\" srcset=\"https:\/\/www.caririemacao.com\/1\/wp-content\/uploads\/2018\/03\/11e7d515-f2a3-49e1-8cbc-b658215284c2.jpg 1232w, https:\/\/www.caririemacao.com\/1\/wp-content\/uploads\/2018\/03\/11e7d515-f2a3-49e1-8cbc-b658215284c2-300x199.jpg 300w, https:\/\/www.caririemacao.com\/1\/wp-content\/uploads\/2018\/03\/11e7d515-f2a3-49e1-8cbc-b658215284c2-768x509.jpg 768w, https:\/\/www.caririemacao.com\/1\/wp-content\/uploads\/2018\/03\/11e7d515-f2a3-49e1-8cbc-b658215284c2-1024x678.jpg 1024w\" sizes=\"(max-width: 1232px) 100vw, 1232px\" \/><\/a><\/p>\n<div>\n<div dir=\"ltr\">\n<div id=\"m_-6691867592637971731x_divtagdefaultwrapper\" dir=\"ltr\">\n<p class=\"m_-6691867592637971731x_MsoNormal\">Ao ensejo do Dia Internacional da Mulher, declarou aberta esta oportuna mesa redonda sobre&#8221; Lutas sociais pelo enfrentamento da viol\u00eancia contra a mulher\u201d e completou a Bruna Moura \u201cdesde o final do S\u00e9culo XIX, as mulheres mobilizam-se no Brasil e no mundo na luta pelos seus direitos civis, pol\u00edticos e sociais, esse momento foi primordial para nossa comunidade saberem da nossa import\u00e2ncia quanto na mulher no meio social\u201d.<\/p>\n<p><a href=\"http:\/\/caririemacao.com\/1\/?attachment_id=44204\" rel=\"attachment wp-att-44204\"><img decoding=\"async\" class=\"aligncenter size-full wp-image-44204 lazyload\" data-src=\"http:\/\/caririemacao.com\/1\/wp-content\/uploads\/2018\/03\/45cb8ad0-cfdb-46e7-bd68-9f258fc28569.jpg\" alt=\"\" width=\"1232\" height=\"816\" data-srcset=\"https:\/\/www.caririemacao.com\/1\/wp-content\/uploads\/2018\/03\/45cb8ad0-cfdb-46e7-bd68-9f258fc28569.jpg 1232w, https:\/\/www.caririemacao.com\/1\/wp-content\/uploads\/2018\/03\/45cb8ad0-cfdb-46e7-bd68-9f258fc28569-300x199.jpg 300w, https:\/\/www.caririemacao.com\/1\/wp-content\/uploads\/2018\/03\/45cb8ad0-cfdb-46e7-bd68-9f258fc28569-768x509.jpg 768w, https:\/\/www.caririemacao.com\/1\/wp-content\/uploads\/2018\/03\/45cb8ad0-cfdb-46e7-bd68-9f258fc28569-1024x678.jpg 1024w\" data-sizes=\"(max-width: 1232px) 100vw, 1232px\" src=\"data:image\/svg+xml;base64,PHN2ZyB3aWR0aD0iMSIgaGVpZ2h0PSIxIiB4bWxucz0iaHR0cDovL3d3dy53My5vcmcvMjAwMC9zdmciPjwvc3ZnPg==\" style=\"--smush-placeholder-width: 1232px; --smush-placeholder-aspect-ratio: 1232\/816;\" \/><\/a><\/p>\n<p><strong>CARIRI EM A\u00c7\u00c3O<\/strong><\/p>\n<p><em>Com Ascom\/Foto:Divulga\u00e7\u00e3o \u00a0<\/em><\/p>\n<p><strong>Leia mais not\u00edcias em\u00a0<\/strong><a href=\"http:\/\/www.caririemacao.com\/\"><strong>caririemacao.com<\/strong><\/a><strong>, siga nossa p\u00e1gina no\u00a0<\/strong><a href=\"https:\/\/www.facebook.com\/CaririEmAcao\/?ref=aymt_homepage_panel\"><strong>Facebook<\/strong><\/a>,<strong>\u00a0<\/strong><a href=\"https:\/\/www.instagram.com\/cariri_em_acao\/?hl=pt-br\"><strong>Instagram<\/strong><\/a><strong>\u00a0e <\/strong><a href=\"https:\/\/www.youtube.com\/channel\/UCAptA0jQuYQy8vMhLt2m4qg\"><strong>Youtube<\/strong><\/a><strong>\u00a0e veja nossas mat\u00e9rias, v\u00eddeos e fotos. Voc\u00ea tamb\u00e9m pode enviar informa\u00e7\u00f5es \u00e0 Reda\u00e7\u00e3o do Portal Cariri em A\u00e7\u00e3o pelo WhatsApp (83) 9 9634.5791, (83) 9 9601-1162.<\/strong><\/p>\n<\/div>\n<\/div>\n<\/div>\n","protected":false},"excerpt":{"rendered":"<p>Em homenagem ao Dia Internacional da Mulher, a Secretaria de Sa\u00fade de Gurj\u00e3o na pessoa da Secret\u00e1ria Bruna Moura realizou com a comunidade uma da&hellip; <\/p>\n","protected":false},"author":2,"featured_media":44205,"comment_status":"closed","ping_status":"closed","sticky":false,"template":"","format":"standard","meta":{"sfsi_plus_gutenberg_text_before_share":"","sfsi_plus_gutenberg_show_text_before_share":"","sfsi_plus_gutenberg_icon_type":"","sfsi_plus_gutenberg_icon_alignemt":"","sfsi_plus_gutenburg_max_per_row":"","footnotes":""},"categories":[16],"tags":[],"class_list":["post-44200","post","type-post","status-publish","format-standard","has-post-thumbnail","hentry","category-saude"],"_links":{"self":[{"href":"https:\/\/www.caririemacao.com\/1\/wp-json\/wp\/v2\/posts\/44200","targetHints":{"allow":["GET"]}}],"collection":[{"href":"https:\/\/www.caririemacao.com\/1\/wp-json\/wp\/v2\/posts"}],"about":[{"href":"https:\/\/www.caririemacao.com\/1\/wp-json\/wp\/v2\/types\/post"}],"author":[{"embeddable":true,"href":"https:\/\/www.caririemacao.com\/1\/wp-json\/wp\/v2\/users\/2"}],"replies":[{"embeddable":true,"href":"https:\/\/www.caririemacao.com\/1\/wp-json\/wp\/v2\/comments?post=44200"}],"version-history":[{"count":0,"href":"https:\/\/www.caririemacao.com\/1\/wp-json\/wp\/v2\/posts\/44200\/revisions"}],"wp:featuredmedia":[{"embeddable":true,"href":"https:\/\/www.caririemacao.com\/1\/wp-json\/wp\/v2\/media\/44205"}],"wp:attachment":[{"href":"https:\/\/www.caririemacao.com\/1\/wp-json\/wp\/v2\/media?parent=44200"}],"wp:term":[{"taxonomy":"category","embeddable":true,"href":"https:\/\/www.caririemacao.com\/1\/wp-json\/wp\/v2\/categories?post=44200"},{"taxonomy":"post_tag","embeddable":true,"href":"https:\/\/www.caririemacao.com\/1\/wp-json\/wp\/v2\/tags?post=44200"}],"curies":[{"name":"wp","href":"https:\/\/api.w.org\/{rel}","templated":true}]}}