{"id":44207,"date":"2018-03-14T10:22:43","date_gmt":"2018-03-14T13:22:43","guid":{"rendered":"http:\/\/caririemacao.com\/1\/?p=44207"},"modified":"2018-03-14T10:22:43","modified_gmt":"2018-03-14T13:22:43","slug":"em-brasilia-prefeito-de-gurjao-assina-adesao-ao-programa-internet-para-todos","status":"publish","type":"post","link":"https:\/\/www.caririemacao.com\/1\/2018\/03\/14\/em-brasilia-prefeito-de-gurjao-assina-adesao-ao-programa-internet-para-todos\/","title":{"rendered":"Em Bras\u00edlia: Prefeito de Gurj\u00e3o assina ades\u00e3o ao programa Internet para Todos"},"content":{"rendered":"<p>O prefeito de Gurj\u00e3o , Ronaldo Queiroz\u00a0\u00a0assinou na tarde de segunda-feira, 12 de mar\u00e7o, em Bras\u00edlia, o termo de ades\u00e3o que contemplar\u00e1 o munic\u00edpio com o programa Internet para Todos.<\/p>\n<p>O programa pretende levar banda larga para escolas, hospitais e localidades sem conectividade de todas as regi\u00f5es do pa\u00eds a partir do chamado SGDV (Sat\u00e9lite Geoestacion\u00e1rio de Defesa e Comunica\u00e7\u00f5es Estrat\u00e9gicas). O sat\u00e9lite, que est\u00e1 em \u00f3rbita desde maio de 2017 e tem vida \u00fatil de 18 anos, recebeu R$ 3 bilh\u00f5es em investimentos do Governo Federal.<\/p>\n<p>Na solenidade, realizada no Centro Internacional de Conven\u00e7\u00f5es do Brasil, teve a participa\u00e7\u00e3o de 2.471 prefeitos. A cerim\u00f4nia de assinatura dos contratos contou com a participa\u00e7\u00e3o do presidente da Rep\u00fablica, Michel Temer.<\/p>\n<p>De acordo com o ministro da Ci\u00eancia, Tecnologia, Inova\u00e7\u00f5es e Comunica\u00e7\u00f5es (MCTIC), Gilberto Kassab,, o primeiro lote de atendimento de munic\u00edpios ser\u00e1 entregue esta semana \u00e0 Telebras e \u00e0 Viasat, empresa americana que firmou parceria com a estatal para oferecer o acesso \u00e0 internet.<\/p>\n<p>Conforme o prefeito Ronaldo , em seu discurso, Kassab afirmou que os munic\u00edpios beneficiados nesta primeira fase come\u00e7ar\u00e3o a receber as antenas no m\u00eas de maio, e a expectativa \u00e9 que sejam instaladas 200 antenas por dia.<\/p>\n<p>\u201cEnviamos a proposta com coordenadas geogr\u00e1ficas e imagens, para implantar o programa em todas as comunidades rurais e em mais alguns pontos estrat\u00e9gicos na \u00e1rea urbana do munic\u00edpio\u201d, destacou o prefeito Ronaldo Queiroz.<\/p>\n<p>O munic\u00edpio dever\u00e1 selecionar um espa\u00e7o na localidade indicada para instala\u00e7\u00e3o de uma antena pela empresa de internet credenciada para prestar o servi\u00e7o. A prefeitura ainda, se responsabiliza pela seguran\u00e7a desse equipamento a tamb\u00e9m arcar com as despesas de energia el\u00e9trica que ir\u00e1 consumir.<\/p>\n<p><strong>CARIRI EM A\u00c7\u00c3O<\/strong><\/p>\n<p><em>Com Ascom\/Foto:Divulga\u00e7\u00e3o \u00a0<\/em><\/p>\n<p><strong>Leia mais not\u00edcias em\u00a0<\/strong><a href=\"http:\/\/www.caririemacao.com\/\"><strong>caririemacao.com<\/strong><\/a><strong>, siga nossa p\u00e1gina no\u00a0<\/strong><a href=\"https:\/\/www.facebook.com\/CaririEmAcao\/?ref=aymt_homepage_panel\"><strong>Facebook<\/strong><\/a>,<strong>\u00a0<\/strong><a href=\"https:\/\/www.instagram.com\/cariri_em_acao\/?hl=pt-br\"><strong>Instagram<\/strong><\/a><strong>\u00a0e <\/strong><a href=\"https:\/\/www.youtube.com\/channel\/UCAptA0jQuYQy8vMhLt2m4qg\"><strong>Youtube<\/strong><\/a><strong>\u00a0e veja nossas mat\u00e9rias, v\u00eddeos e fotos. Voc\u00ea tamb\u00e9m pode enviar informa\u00e7\u00f5es \u00e0 Reda\u00e7\u00e3o do Portal Cariri em A\u00e7\u00e3o pelo WhatsApp (83) 9 9634.5791, (83) 9 9601-1162.<\/strong><\/p>\n","protected":false},"excerpt":{"rendered":"<p>O prefeito de Gurj\u00e3o , Ronaldo Queiroz\u00a0\u00a0assinou na tarde de segunda-feira, 12 de mar\u00e7o, em Bras\u00edlia, o termo de ades\u00e3o que contemplar\u00e1 o munic\u00edpio com&hellip; <\/p>\n","protected":false},"author":2,"featured_media":44208,"comment_status":"closed","ping_status":"closed","sticky":false,"template":"","format":"standard","meta":{"sfsi_plus_gutenberg_text_before_share":"","sfsi_plus_gutenberg_show_text_before_share":"","sfsi_plus_gutenberg_icon_type":"","sfsi_plus_gutenberg_icon_alignemt":"","sfsi_plus_gutenburg_max_per_row":"","footnotes":""},"categories":[6],"tags":[],"class_list":["post-44207","post","type-post","status-publish","format-standard","has-post-thumbnail","hentry","category-cidades"],"_links":{"self":[{"href":"https:\/\/www.caririemacao.com\/1\/wp-json\/wp\/v2\/posts\/44207","targetHints":{"allow":["GET"]}}],"collection":[{"href":"https:\/\/www.caririemacao.com\/1\/wp-json\/wp\/v2\/posts"}],"about":[{"href":"https:\/\/www.caririemacao.com\/1\/wp-json\/wp\/v2\/types\/post"}],"author":[{"embeddable":true,"href":"https:\/\/www.caririemacao.com\/1\/wp-json\/wp\/v2\/users\/2"}],"replies":[{"embeddable":true,"href":"https:\/\/www.caririemacao.com\/1\/wp-json\/wp\/v2\/comments?post=44207"}],"version-history":[{"count":0,"href":"https:\/\/www.caririemacao.com\/1\/wp-json\/wp\/v2\/posts\/44207\/revisions"}],"wp:featuredmedia":[{"embeddable":true,"href":"https:\/\/www.caririemacao.com\/1\/wp-json\/wp\/v2\/media\/44208"}],"wp:attachment":[{"href":"https:\/\/www.caririemacao.com\/1\/wp-json\/wp\/v2\/media?parent=44207"}],"wp:term":[{"taxonomy":"category","embeddable":true,"href":"https:\/\/www.caririemacao.com\/1\/wp-json\/wp\/v2\/categories?post=44207"},{"taxonomy":"post_tag","embeddable":true,"href":"https:\/\/www.caririemacao.com\/1\/wp-json\/wp\/v2\/tags?post=44207"}],"curies":[{"name":"wp","href":"https:\/\/api.w.org\/{rel}","templated":true}]}}