{"id":44210,"date":"2018-03-14T10:24:37","date_gmt":"2018-03-14T13:24:37","guid":{"rendered":"http:\/\/caririemacao.com\/1\/?p=44210"},"modified":"2018-03-14T10:24:37","modified_gmt":"2018-03-14T13:24:37","slug":"maioria-dos-brasileiros-prefere-eleger-um-candidato-pobre-neste-ano-diz-ibope-2","status":"publish","type":"post","link":"https:\/\/www.caririemacao.com\/1\/2018\/03\/14\/maioria-dos-brasileiros-prefere-eleger-um-candidato-pobre-neste-ano-diz-ibope-2\/","title":{"rendered":"Maioria dos brasileiros prefere eleger um candidato pobre neste ano, diz Ibope"},"content":{"rendered":"<p class=\" \">H\u00e1\u00a0alguns meses do pleito que definir\u00e1 o nome do pr\u00f3ximo presidente da Rep\u00fablica do Brasil, em outubro deste ano, 44% dos eleitores\u00a0se dizem pessimistas quanto ao resultado das elei\u00e7\u00f5es de 2018. Os dados s\u00e3o da pesquisa\u00a0Retratos da Sociedade Brasileira &#8211; Perspectivas para as elei\u00e7\u00f5es de 2018, feita pela Confedera\u00e7\u00e3o Nacional da Ind\u00fastria (CNI) em parceria com o Ibope, divulgada\u00a0nesta ter\u00e7a-feira (13).<\/p>\n<p>Em contraponto, 20% est\u00e3o otimistas com as\u00a0elei\u00e7\u00f5es de 2018\u00a0e\u00a0outros 23% n\u00e3o est\u00e3o nem otimistas, nem pessimistas. Por fim, 13% afirmam n\u00e3o saber ou n\u00e3o responderam ao questionamento.<\/p>\n<p>Perguntados sobre o perfil do candidato ideal, os entrevistados foram categ\u00f3ricos: \u00e9 preciso que\u00a0essa pessoa seja honesta e que n\u00e3o tenha se envolvido em casos de corrup\u00e7\u00e3o.<\/p>\n<p>Para 87% dos brasileiros \u00e9 muito importante que o candidato \u00e0 Presid\u00eancia n\u00e3o minta na campanha e seja honesto. Al\u00e9m disso, para 84% \u00e9 igualmente importante que essa pessoa nunca tenha se envolvido em casos de corrup\u00e7\u00e3o.<\/p>\n<p>A pesquisa aponta ainda que 66% dos eleitores preferem votar em um candidato honesto, mesmo que defenda pol\u00edticas com as quais ele n\u00e3o concorda.<\/p>\n<h3>Fam\u00edlia, experi\u00eancia e religi\u00e3o<\/h3>\n<p>Outro ponto levantado pela pesquisa \u00e9 que a maioria dos brasileiros (52%) concorda que prefere votar em candidatos de fam\u00edlia pobre.\u00a0Para 8% \u00e9 indiferente e 38% discordam em parte ou totalmente. Para 62% dos entrevistados \u00e9 necess\u00e1rio que o candidato tenha uma fam\u00edlia bem estruturada. A caracter\u00edstica \u00e9 a oitava mais valorizada entre as 11 que foram consideradas.<\/p>\n<p>Ainda de acordo com pesquisa, praticamente oito em cada dez brasileiros (79%) concordam totalmente ou em parte que \u00e9 importante que o candidato a presidente acredite em Deus. Para 29% dos entrevistado, \u00e9 muito importante que o candidato seja da mesma religi\u00e3o que elas.<\/p>\n<p>A quest\u00e3o da experi\u00eancia tamb\u00e9m foi levantada pelos entrevistados que, em 47%, concordam totalmente \u00e9\u00a0importante que o futuro presidente tenha experi\u00eancia anterior como prefeito ou como governador. Sobre a mesma afirma\u00e7\u00e3o, 25% concorda em parte, 13% discorda totalmente, 11% discorda em parte, 1% \u00e9 indiferente e 2% n\u00e3o sabem ou n\u00e3o responderam.<\/p>\n<h3>Prefer\u00eancias quanto ao foco na campanha<\/h3>\n<p>Al\u00e9m do perfil dos candidatos, o levantamento chegou a analisar que tipo de campanha e que orienta\u00e7\u00e3o de governo mais agradaria aos brasileiros, caso as elei\u00e7\u00f5es fossem hoje.<\/p>\n<p>Para 44% dos entrevistados o principal foco do novo presidente deve ser em quest\u00f5es de mudan\u00e7a social, com melhoria da sa\u00fade, educa\u00e7\u00e3o, seguran\u00e7a e desigualdade social.<\/p>\n<p>Em segundo lugar na pesquisa, atendendo \u00e0s prioridades de\u00a032% dos brasileiros, o foco do governo deve ser a moraliza\u00e7\u00e3o administrativa, com combate a corrup\u00e7\u00e3o e puni\u00e7\u00e3o de corruptos.<\/p>\n<p>Al\u00e9m disso, para 21%, o foco deve ser a estabiliza\u00e7\u00e3o da economia, com queda definitiva do custo de vida e do desemprego. Para 1%, nenhum desses ou outros focos. Outros 2% n\u00e3o sabem ou n\u00e3o responderam.<\/p>\n<p>Apesar da maioria n\u00e3o acreditar que o foco deve ser a estabiliza\u00e7\u00e3o da economia, 92% consideram importante ou muito importante que o candidato \u00e0 Presid\u00eancia defenda o controle dos gastos p\u00fablicos.<\/p>\n<p>Para 89% dos entrevistados o candidato precisa conhecer os problemas do pa\u00eds; para 77%, ter experi\u00eancia em assuntos econ\u00f4micos e, para 74%, ter boa forma\u00e7\u00e3o educacional.<\/p>\n<h3>Promessas e prefer\u00eancias de partido<\/h3>\n<p>A maioria dos brasileiros n\u00e3o acredita em promessas de campanha: afinal, 75% discordaram totalmente ou em parte da frase &#8220;eu acredito nas promessas de campanha dos candidatos&#8221;.<\/p>\n<p>Por fim,\u00a0boa parte\u00a0dos\u00a0entrevistados (48%) disse n\u00e3o ter prefer\u00eancia partid\u00e1ria. Entre aqueles que t\u00eam prefer\u00eancia ou simpatia por partidos, 19% disseram que preferem o PT. Em seguida, entre os preferidos, est\u00e3o MDB (7%), PSDB (6%); Psol, DEM, PC do B, PDT, PR, PPS, PSB, PSC, PSD, PTB, PV e Novo, com 1% cada.<\/p>\n<p>A pesquisa sobre as expectativas sobre as elei\u00e7\u00f5es de 2018 foi feita com duas mil pessoas em 127 munic\u00edpios, entre os dias 7 e 10 de dezembro de 2017. A margem de erro \u00e9 de dois pontos percentuais para mais ou para menos.<\/p>\n<p><strong>CARIRI EM A\u00c7\u00c3O<\/strong><\/p>\n<p><em>Com Ag\u00eancia Brasil\/Foto: Reprodu\u00e7\u00e3o Internet<\/em><\/p>\n<p><strong>Leia mais not\u00edcias em\u00a0<\/strong><a href=\"http:\/\/www.caririemacao.com\/\"><strong>caririemacao.com<\/strong><\/a><strong>, siga nossa p\u00e1gina no\u00a0<\/strong><a href=\"https:\/\/www.facebook.com\/CaririEmAcao\/?ref=aymt_homepage_panel\"><strong>Facebook<\/strong><\/a>,<strong>\u00a0<\/strong><a href=\"https:\/\/www.instagram.com\/cariri_em_acao\/?hl=pt-br\"><strong>Instagram<\/strong><\/a><strong>\u00a0e <\/strong><a href=\"https:\/\/www.youtube.com\/channel\/UCAptA0jQuYQy8vMhLt2m4qg\"><strong>Youtube<\/strong><\/a><strong>\u00a0e veja nossas mat\u00e9rias, v\u00eddeos e fotos. Voc\u00ea tamb\u00e9m pode enviar informa\u00e7\u00f5es \u00e0 Reda\u00e7\u00e3o do Portal Cariri em A\u00e7\u00e3o pelo WhatsApp (83) 9 9634.5791, (83) 9 9601-1162.<\/strong><\/p>\n","protected":false},"excerpt":{"rendered":"<p>H\u00e1\u00a0alguns meses do pleito que definir\u00e1 o nome do pr\u00f3ximo presidente da Rep\u00fablica do Brasil, em outubro deste ano, 44% dos eleitores\u00a0se dizem pessimistas quanto&hellip; <\/p>\n","protected":false},"author":2,"featured_media":44194,"comment_status":"closed","ping_status":"closed","sticky":false,"template":"","format":"standard","meta":{"sfsi_plus_gutenberg_text_before_share":"","sfsi_plus_gutenberg_show_text_before_share":"","sfsi_plus_gutenberg_icon_type":"","sfsi_plus_gutenberg_icon_alignemt":"","sfsi_plus_gutenburg_max_per_row":"","footnotes":""},"categories":[1],"tags":[],"class_list":["post-44210","post","type-post","status-publish","format-standard","has-post-thumbnail","hentry","category-o-site"],"_links":{"self":[{"href":"https:\/\/www.caririemacao.com\/1\/wp-json\/wp\/v2\/posts\/44210","targetHints":{"allow":["GET"]}}],"collection":[{"href":"https:\/\/www.caririemacao.com\/1\/wp-json\/wp\/v2\/posts"}],"about":[{"href":"https:\/\/www.caririemacao.com\/1\/wp-json\/wp\/v2\/types\/post"}],"author":[{"embeddable":true,"href":"https:\/\/www.caririemacao.com\/1\/wp-json\/wp\/v2\/users\/2"}],"replies":[{"embeddable":true,"href":"https:\/\/www.caririemacao.com\/1\/wp-json\/wp\/v2\/comments?post=44210"}],"version-history":[{"count":0,"href":"https:\/\/www.caririemacao.com\/1\/wp-json\/wp\/v2\/posts\/44210\/revisions"}],"wp:featuredmedia":[{"embeddable":true,"href":"https:\/\/www.caririemacao.com\/1\/wp-json\/wp\/v2\/media\/44194"}],"wp:attachment":[{"href":"https:\/\/www.caririemacao.com\/1\/wp-json\/wp\/v2\/media?parent=44210"}],"wp:term":[{"taxonomy":"category","embeddable":true,"href":"https:\/\/www.caririemacao.com\/1\/wp-json\/wp\/v2\/categories?post=44210"},{"taxonomy":"post_tag","embeddable":true,"href":"https:\/\/www.caririemacao.com\/1\/wp-json\/wp\/v2\/tags?post=44210"}],"curies":[{"name":"wp","href":"https:\/\/api.w.org\/{rel}","templated":true}]}}