{"id":44212,"date":"2018-03-14T10:29:30","date_gmt":"2018-03-14T13:29:30","guid":{"rendered":"http:\/\/caririemacao.com\/1\/?p=44212"},"modified":"2018-03-14T10:29:30","modified_gmt":"2018-03-14T13:29:30","slug":"santo-andre-assistencia-social-da-inicio-a-serie-de-oficinas-e-cursos","status":"publish","type":"post","link":"https:\/\/www.caririemacao.com\/1\/2018\/03\/14\/santo-andre-assistencia-social-da-inicio-a-serie-de-oficinas-e-cursos\/","title":{"rendered":"Santo Andr\u00e9: Assist\u00eancia Social d\u00e1 in\u00edcio a s\u00e9rie de oficinas e cursos"},"content":{"rendered":"<p>Em parceria com o Centro de Conviv\u00eancia, a Secretaria de Assist\u00eancia Social do munic\u00edpio de Santo Andr\u00e9, deu in\u00edcio a uma s\u00e9rie de oficinas e cursos, voltados para: crian\u00e7as, jovens, adultos, gestantes e idosos.<\/p>\n<p>Com o objetivo de ofertar mais aprendizado a popula\u00e7\u00e3o, estando sendo disponibilizadas aulas de: canto, viol\u00e3o, flauta, dan\u00e7a, pinturas em MDF e na \u00e1rea de esportes: futsal, handebol e voleibol.<\/p>\n<p>Dentre as atividades executadas, tamb\u00e9m est\u00e1 inclu\u00edda a confec\u00e7\u00e3o de ovos de chocolate, tendo em vista a chegada da p\u00e1scoa.<\/p>\n<p>A expectativa \u00e9 que sejam produzidos pelos pr\u00f3prios participantes aproximadamente mil ovos para serem distribu\u00eddos para os mais carentes.<\/p>\n<p><strong>CARIRI EM A\u00c7\u00c3O<\/strong><\/p>\n<p><em>Com Secom\u00a0\/Foto: Reprodu\u00e7\u00e3o Internet<\/em><\/p>\n<p><strong>Leia mais not\u00edcias em\u00a0<\/strong><a href=\"http:\/\/www.caririemacao.com\/\"><strong>caririemacao.com<\/strong><\/a><strong>, siga nossa p\u00e1gina no\u00a0<\/strong><a href=\"https:\/\/www.facebook.com\/CaririEmAcao\/?ref=aymt_homepage_panel\"><strong>Facebook<\/strong><\/a>,<strong>\u00a0<\/strong><a href=\"https:\/\/www.instagram.com\/cariri_em_acao\/?hl=pt-br\"><strong>Instagram<\/strong><\/a><strong>\u00a0e <\/strong><a href=\"https:\/\/www.youtube.com\/channel\/UCAptA0jQuYQy8vMhLt2m4qg\"><strong>Youtube<\/strong><\/a><strong>\u00a0e veja nossas mat\u00e9rias, v\u00eddeos e fotos. Voc\u00ea tamb\u00e9m pode enviar informa\u00e7\u00f5es \u00e0 Reda\u00e7\u00e3o do Portal Cariri em A\u00e7\u00e3o pelo WhatsApp (83) 9 9634.5791, (83) 9 9601-1162.<\/strong><\/p>\n","protected":false},"excerpt":{"rendered":"<p>Em parceria com o Centro de Conviv\u00eancia, a Secretaria de Assist\u00eancia Social do munic\u00edpio de Santo Andr\u00e9, deu in\u00edcio a uma s\u00e9rie de oficinas e&hellip; <\/p>\n","protected":false},"author":2,"featured_media":44213,"comment_status":"closed","ping_status":"closed","sticky":false,"template":"","format":"standard","meta":{"sfsi_plus_gutenberg_text_before_share":"","sfsi_plus_gutenberg_show_text_before_share":"","sfsi_plus_gutenberg_icon_type":"","sfsi_plus_gutenberg_icon_alignemt":"","sfsi_plus_gutenburg_max_per_row":"","footnotes":""},"categories":[6],"tags":[],"class_list":["post-44212","post","type-post","status-publish","format-standard","has-post-thumbnail","hentry","category-cidades"],"_links":{"self":[{"href":"https:\/\/www.caririemacao.com\/1\/wp-json\/wp\/v2\/posts\/44212","targetHints":{"allow":["GET"]}}],"collection":[{"href":"https:\/\/www.caririemacao.com\/1\/wp-json\/wp\/v2\/posts"}],"about":[{"href":"https:\/\/www.caririemacao.com\/1\/wp-json\/wp\/v2\/types\/post"}],"author":[{"embeddable":true,"href":"https:\/\/www.caririemacao.com\/1\/wp-json\/wp\/v2\/users\/2"}],"replies":[{"embeddable":true,"href":"https:\/\/www.caririemacao.com\/1\/wp-json\/wp\/v2\/comments?post=44212"}],"version-history":[{"count":0,"href":"https:\/\/www.caririemacao.com\/1\/wp-json\/wp\/v2\/posts\/44212\/revisions"}],"wp:featuredmedia":[{"embeddable":true,"href":"https:\/\/www.caririemacao.com\/1\/wp-json\/wp\/v2\/media\/44213"}],"wp:attachment":[{"href":"https:\/\/www.caririemacao.com\/1\/wp-json\/wp\/v2\/media?parent=44212"}],"wp:term":[{"taxonomy":"category","embeddable":true,"href":"https:\/\/www.caririemacao.com\/1\/wp-json\/wp\/v2\/categories?post=44212"},{"taxonomy":"post_tag","embeddable":true,"href":"https:\/\/www.caririemacao.com\/1\/wp-json\/wp\/v2\/tags?post=44212"}],"curies":[{"name":"wp","href":"https:\/\/api.w.org\/{rel}","templated":true}]}}