{"id":44215,"date":"2018-03-14T10:36:24","date_gmt":"2018-03-14T13:36:24","guid":{"rendered":"http:\/\/caririemacao.com\/1\/?p=44215"},"modified":"2018-03-14T10:36:24","modified_gmt":"2018-03-14T13:36:24","slug":"nao-me-submeto-a-pressao-diz-carmen-lucia-sobre-rever-prisao-antecipada","status":"publish","type":"post","link":"https:\/\/www.caririemacao.com\/1\/2018\/03\/14\/nao-me-submeto-a-pressao-diz-carmen-lucia-sobre-rever-prisao-antecipada\/","title":{"rendered":"&#8220;N\u00e3o me submeto \u00e0 press\u00e3o&#8221;, diz C\u00e1rmen L\u00facia sobre rever pris\u00e3o antecipada"},"content":{"rendered":"<p class=\" \">A presidente do Supremo Tribunal Federal (STF), ministra\u00a0C\u00e1rmen L\u00facia, garantiu que n\u00e3o ir\u00e1 ceder a press\u00f5es exercidas por setores que\u00a0\u00a0cobram\u00a0novo julgamento acerca da\u00a0autoriza\u00e7\u00e3o para pris\u00f5es\u00a0ap\u00f3s\u00a0condena\u00e7\u00f5es em segunda inst\u00e2ncia.<\/p>\n<p>Durante evento realizado\u00a0nesta\u00a0ter\u00e7a-feira (13) pelo jornal\u00a0<em>Folha de S.Paulo<\/em>\u00a0\u00a0na capital paulista,\u00a0C\u00e1rmen L\u00facia\u00a0foi questionada sobre como lida com a press\u00e3o para pautar\u00a0o julgamento de processos acerca do tema. A resposta: &#8220;Eu n\u00e3o lido. Eu simplesmente n\u00e3o me submeto \u00e0 press\u00e3o&#8221;.<\/p>\n<div id=\"ad_mrec_intext\" class=\"publicidade advertising-box\">\n<div id=\"google_ads_iframe_\/56560562\/IG\/ultimosegundo.ig.com.br\/rentangulointext_0__container__\">O agente respons\u00e1vel por exercer a maior parte dessa &#8220;press\u00e3o&#8221; s\u00e3o os apoiadores do ex-presidente Luiz In\u00e1cio Lula da Silva (PT), que\u00a0\u00a0pode ser diretamente beneficiado caso o STF reverta o entendimento\u00a0adotado no fim de 2016, quando a maioria dos ministros julgou que um r\u00e9u pode ser preso mesmo que ainda existam vias recursais dispon\u00edveis.<\/div>\n<\/div>\n<p>Rec\u00e9m-contratado para atuar na defesa do petista, o ex-ministro do STF Sep\u00falveda Pertence ter\u00e1 reuni\u00e3o com C\u00e1rmen L\u00facia ao meio-dia desta quarta-feira (14).<\/p>\n<p>O encontro se d\u00e1 num momento em que o Partido dos Trabalhadores decidiu intensificar sua ofensiva para evitar a pris\u00e3o de Lula. No domingo (11), a presidente nacional da legenda, senadora Gleisi Hoffmann (PR), anunciou que teria in\u00edcio uma &#8220;campanha de esclarecimento&#8221; para defender o ex-presidente.<\/p>\n<p>&#8220;Querem prender o Lula com a condena\u00e7\u00e3o de um tribunal de segunda inst\u00e2ncia.\u00a0A Constitui\u00e7\u00e3o Federal\u00a0brasileira \u00e9 clara: ningu\u00e9m pode ser preso se n\u00e3o por tr\u00e2nsito em julgado da senten\u00e7a condenat\u00f3ria. E isso \u00e9 quando o \u00faltimo tribunal d\u00e1 o seu veredito sobre o processo, e o \u00faltimo tribunal \u00e9 o Supremo Tribunal Federal&#8221;,\u00a0argumentou Gleisi.<\/p>\n<p><strong>Pris\u00e3o p\u00f3s-segunda inst\u00e2ncia \u2013 a reviravolta?<\/strong><\/p>\n<p>O STF decidiu em outubro de 2016, por\u00a06 votos a 5, permitir a possibilidade de pris\u00e3o ap\u00f3s um r\u00e9u ser condenado por colegiado de segunda inst\u00e2ncia. De l\u00e1 para c\u00e1, no entanto,\u00a0alguns\u00a0\u00a0ministros sinalizaram que essa decis\u00e3o deveria ser reanalisada\u00a0pela Corte.<\/p>\n<p>O ministro Marco Aur\u00e9lio Mello, que \u00e9 relator de um processo sobre o assunto, declarou que encaminharia a mat\u00e9ria para nova discuss\u00e3o no plen\u00e1rio. J\u00e1 o ministro Gilmar Mendes, que votou a favor das pris\u00f5es em 2016, passou a indicar que mudou seu entendimento quanto ao assunto.<\/p>\n<p>Apesar de C\u00e1rmen L\u00facia\u00a0dizer que n\u00e3o pretende\u00a0pautar o assunto para\u00a0o plen\u00e1rio, a situa\u00e7\u00e3o pode ser diferente a partir de setembro, quando o ministro Dias Toffoli assumir\u00e1 a presid\u00eancia do Supremo em seu lugar. Toffoli\u00a0votou contra o in\u00edcio do cumprimento da pena ap\u00f3s a condena\u00e7\u00e3o em segunda inst\u00e2ncia.<\/p>\n<p><strong>CARIRI EM A\u00c7\u00c3O<\/strong><\/p>\n<p><em>Com\u00a0<\/em><em>\u00daltimo Segundo<\/em><em>\/Foto: Reprodu\u00e7\u00e3o Internet<\/em><\/p>\n<p>&nbsp;<\/p>\n<p><strong>Leia mais not\u00edcias em\u00a0<\/strong><a href=\"http:\/\/www.caririemacao.com\/\"><strong>caririemacao.com<\/strong><\/a><strong>, siga nossa p\u00e1gina no\u00a0<\/strong><a href=\"https:\/\/www.facebook.com\/CaririEmAcao\/?ref=aymt_homepage_panel\"><strong>Facebook<\/strong><\/a>,<strong>\u00a0<\/strong><a href=\"https:\/\/www.instagram.com\/cariri_em_acao\/?hl=pt-br\"><strong>Instagram<\/strong><\/a><strong>\u00a0e <\/strong><a href=\"https:\/\/www.youtube.com\/channel\/UCAptA0jQuYQy8vMhLt2m4qg\"><strong>Youtube<\/strong><\/a><strong>\u00a0e veja nossas mat\u00e9rias, v\u00eddeos e fotos. Voc\u00ea tamb\u00e9m pode enviar informa\u00e7\u00f5es \u00e0 Reda\u00e7\u00e3o do Portal Cariri em A\u00e7\u00e3o pelo WhatsApp (83) 9 9634.5791, (83) 9 9601-1162.<\/strong><\/p>\n","protected":false},"excerpt":{"rendered":"<p>A presidente do Supremo Tribunal Federal (STF), ministra\u00a0C\u00e1rmen L\u00facia, garantiu que n\u00e3o ir\u00e1 ceder a press\u00f5es exercidas por setores que\u00a0\u00a0cobram\u00a0novo julgamento acerca da\u00a0autoriza\u00e7\u00e3o para pris\u00f5es\u00a0ap\u00f3s\u00a0condena\u00e7\u00f5es&hellip; <\/p>\n","protected":false},"author":2,"featured_media":36016,"comment_status":"closed","ping_status":"closed","sticky":false,"template":"","format":"standard","meta":{"sfsi_plus_gutenberg_text_before_share":"","sfsi_plus_gutenberg_show_text_before_share":"","sfsi_plus_gutenberg_icon_type":"","sfsi_plus_gutenberg_icon_alignemt":"","sfsi_plus_gutenburg_max_per_row":"","footnotes":""},"categories":[11],"tags":[],"class_list":["post-44215","post","type-post","status-publish","format-standard","has-post-thumbnail","hentry","category-politica"],"_links":{"self":[{"href":"https:\/\/www.caririemacao.com\/1\/wp-json\/wp\/v2\/posts\/44215","targetHints":{"allow":["GET"]}}],"collection":[{"href":"https:\/\/www.caririemacao.com\/1\/wp-json\/wp\/v2\/posts"}],"about":[{"href":"https:\/\/www.caririemacao.com\/1\/wp-json\/wp\/v2\/types\/post"}],"author":[{"embeddable":true,"href":"https:\/\/www.caririemacao.com\/1\/wp-json\/wp\/v2\/users\/2"}],"replies":[{"embeddable":true,"href":"https:\/\/www.caririemacao.com\/1\/wp-json\/wp\/v2\/comments?post=44215"}],"version-history":[{"count":0,"href":"https:\/\/www.caririemacao.com\/1\/wp-json\/wp\/v2\/posts\/44215\/revisions"}],"wp:featuredmedia":[{"embeddable":true,"href":"https:\/\/www.caririemacao.com\/1\/wp-json\/wp\/v2\/media\/36016"}],"wp:attachment":[{"href":"https:\/\/www.caririemacao.com\/1\/wp-json\/wp\/v2\/media?parent=44215"}],"wp:term":[{"taxonomy":"category","embeddable":true,"href":"https:\/\/www.caririemacao.com\/1\/wp-json\/wp\/v2\/categories?post=44215"},{"taxonomy":"post_tag","embeddable":true,"href":"https:\/\/www.caririemacao.com\/1\/wp-json\/wp\/v2\/tags?post=44215"}],"curies":[{"name":"wp","href":"https:\/\/api.w.org\/{rel}","templated":true}]}}