{"id":44217,"date":"2018-03-14T10:46:58","date_gmt":"2018-03-14T13:46:58","guid":{"rendered":"http:\/\/caririemacao.com\/1\/?p=44217"},"modified":"2018-03-14T10:46:58","modified_gmt":"2018-03-14T13:46:58","slug":"estou-pronto-para-ser-preso-afirma-lula","status":"publish","type":"post","link":"https:\/\/www.caririemacao.com\/1\/2018\/03\/14\/estou-pronto-para-ser-preso-afirma-lula\/","title":{"rendered":"\u2018Estou pronto para ser preso\u2019, afirma Lula"},"content":{"rendered":"<p>O ex-presidente Luiz In\u00e1cio Lula da Silva admite estar \u201cpronto para ser preso\u201d. A declara\u00e7\u00e3o foi dada em entrevista para o livro \u201cA Verdade Vencer\u00e1 \u2013 O povo sabe por que me condenaram\u201d, que ser\u00e1 lan\u00e7ado na sexta-feira, em S\u00e3o Paulo, com a presen\u00e7a do petista.<\/p>\n<p>Na obra, da editora Boitempo, \u00e9 reproduzida uma entrevista dada nos dias 7, 15 e 28 de fevereiro por Lula aos jornalistas Juca Kfouri e Maria In\u00eas Nassif, para o professor de rela\u00e7\u00f5es internacionais Gilberto Maringoni e para a editora Ivana Jinking.<\/p>\n<p>\u201cH\u00e1 duas inst\u00e2ncias superiores que a agente pode recorrer (STF e STJ) e vamos recorrer. Eles v\u00e3o tomar a decis\u00e3o, eu estou pronto para ser preso. \u00c9 uma decis\u00e3o deles\u201d, diz o ex-presidente, na entrevista.<\/p>\n<p>\u00c9 perguntado a Lula se ele est\u00e1 cogitando a hip\u00f3tese de ser preso. O petista responde:<\/p>\n<p>\u201cEstou. O que n\u00e3o estou \u00e9 preparado para a resist\u00eancia armada. Como sou um democrata, nem apreender a atirar eu aprendi. Ent\u00e3o, isso est\u00e1 fora. O PT n\u00e3o nasceu para ser um partido revolucion\u00e1rio, nasceu para ser um partido democr\u00e1tico e levar a democracia at\u00e9 as \u00faltimas consequ\u00eancias\u201d.<\/p>\n<p>Na mesma reposta, Lula acrescenta que n\u00e3o ir\u00e1 fugir do pa\u00eds.<\/p>\n<p>\u201cEu n\u00e3o vou sair do Brasil, n\u00e3o vou me esconder em embaixada, eu n\u00e3o vou fugir. A palavra \u201cfugir\u201d n\u00e3o existe no meu dicion\u00e1rio. Vou estar na minha casa, chegando em casa entre 20h e 21h, indo dormir \u00e0s 22h, acordando \u00e0s 5h para fazer gin\u00e1stica.<\/p>\n<p>Na sequ\u00eancia, Ivana questiona \u201ccomo se prepara o esp\u00edrito para isso\u201d. \u201cEu n\u00e3o preparo o esp\u00edrito. Eu sou um homem de esp\u00edrito leve. Tudo isso faz parte da hist\u00f3ria. Estamos num momento hist\u00f3rico importante para mim. Eu sei por que estou sendo julgado. E eles n\u00e3o t\u00eam a mesma consci\u00eancia tranquila que eu tenho.\u201d<\/p>\n<p>Nesta ter\u00e7a-feira(13), a presidente do Supremo Tribunal Federal (STF) C\u00e1rmen L\u00facia voltou a se posicionar contra a discuss\u00e3o da pris\u00e3o ap\u00f3s condena\u00e7\u00e3o em segunda inst\u00e2ncia na pauta da Corte. Segundo a ministra, ela n\u00e3o se submeter\u00e1 a press\u00e3o de pol\u00edticos.<\/p>\n<p>Questionada sobre como lida com a press\u00e3o de politicos para que o tema seja reanalisado, a ministra foi taxativa:<\/p>\n<p>\u2014 Eu n\u00e3o lido. Eu simplesmente n\u00e3o me submeto \u00e0 press\u00e3o \u2014 disse a presidente do STF ap\u00f3s participar de um debate sobre a presen\u00e7a de mulheres no poder promovido pelo jornal \u201cFolha de S. Paulo.<\/p>\n<p><strong>CARIRI EM A\u00c7\u00c3O<\/strong><\/p>\n<p><em>Com Mais PB \/Foto: Reprodu\u00e7\u00e3o Internet<\/em><\/p>\n<p><strong>Leia mais not\u00edcias em\u00a0<\/strong><a href=\"http:\/\/www.caririemacao.com\/\"><strong>caririemacao.com<\/strong><\/a><strong>, siga nossa p\u00e1gina no\u00a0<\/strong><a href=\"https:\/\/www.facebook.com\/CaririEmAcao\/?ref=aymt_homepage_panel\"><strong>Facebook<\/strong><\/a>,<strong>\u00a0<\/strong><a href=\"https:\/\/www.instagram.com\/cariri_em_acao\/?hl=pt-br\"><strong>Instagram<\/strong><\/a><strong>\u00a0e <\/strong><a href=\"https:\/\/www.youtube.com\/channel\/UCAptA0jQuYQy8vMhLt2m4qg\"><strong>Youtube<\/strong><\/a><strong>\u00a0e veja nossas mat\u00e9rias, v\u00eddeos e fotos. Voc\u00ea tamb\u00e9m pode enviar informa\u00e7\u00f5es \u00e0 Reda\u00e7\u00e3o do Portal Cariri em A\u00e7\u00e3o pelo WhatsApp (83) 9 9634.5791, (83) 9 9601-1162.<\/strong><\/p>\n","protected":false},"excerpt":{"rendered":"<p>O ex-presidente Luiz In\u00e1cio Lula da Silva admite estar \u201cpronto para ser preso\u201d. A declara\u00e7\u00e3o foi dada em entrevista para o livro \u201cA Verdade Vencer\u00e1&hellip; <\/p>\n","protected":false},"author":2,"featured_media":38645,"comment_status":"closed","ping_status":"closed","sticky":false,"template":"","format":"standard","meta":{"sfsi_plus_gutenberg_text_before_share":"","sfsi_plus_gutenberg_show_text_before_share":"","sfsi_plus_gutenberg_icon_type":"","sfsi_plus_gutenberg_icon_alignemt":"","sfsi_plus_gutenburg_max_per_row":"","footnotes":""},"categories":[11],"tags":[],"class_list":["post-44217","post","type-post","status-publish","format-standard","has-post-thumbnail","hentry","category-politica"],"_links":{"self":[{"href":"https:\/\/www.caririemacao.com\/1\/wp-json\/wp\/v2\/posts\/44217","targetHints":{"allow":["GET"]}}],"collection":[{"href":"https:\/\/www.caririemacao.com\/1\/wp-json\/wp\/v2\/posts"}],"about":[{"href":"https:\/\/www.caririemacao.com\/1\/wp-json\/wp\/v2\/types\/post"}],"author":[{"embeddable":true,"href":"https:\/\/www.caririemacao.com\/1\/wp-json\/wp\/v2\/users\/2"}],"replies":[{"embeddable":true,"href":"https:\/\/www.caririemacao.com\/1\/wp-json\/wp\/v2\/comments?post=44217"}],"version-history":[{"count":0,"href":"https:\/\/www.caririemacao.com\/1\/wp-json\/wp\/v2\/posts\/44217\/revisions"}],"wp:featuredmedia":[{"embeddable":true,"href":"https:\/\/www.caririemacao.com\/1\/wp-json\/wp\/v2\/media\/38645"}],"wp:attachment":[{"href":"https:\/\/www.caririemacao.com\/1\/wp-json\/wp\/v2\/media?parent=44217"}],"wp:term":[{"taxonomy":"category","embeddable":true,"href":"https:\/\/www.caririemacao.com\/1\/wp-json\/wp\/v2\/categories?post=44217"},{"taxonomy":"post_tag","embeddable":true,"href":"https:\/\/www.caririemacao.com\/1\/wp-json\/wp\/v2\/tags?post=44217"}],"curies":[{"name":"wp","href":"https:\/\/api.w.org\/{rel}","templated":true}]}}