{"id":44219,"date":"2018-03-14T10:55:09","date_gmt":"2018-03-14T13:55:09","guid":{"rendered":"http:\/\/caririemacao.com\/1\/?p=44219"},"modified":"2018-03-14T10:55:09","modified_gmt":"2018-03-14T13:55:09","slug":"stf-ja-arquivou-mais-de-20-acoes-contra-veneziano","status":"publish","type":"post","link":"https:\/\/www.caririemacao.com\/1\/2018\/03\/14\/stf-ja-arquivou-mais-de-20-acoes-contra-veneziano\/","title":{"rendered":"STF j\u00e1 arquivou mais de 20 a\u00e7\u00f5es contra Veneziano"},"content":{"rendered":"<p>O deputado federal Veneziano Vital do R\u00eago (MDB) tem se livrado de v\u00e1rias a\u00e7\u00f5es que foram ajuizadas contra ele no Supremo Tribunal Federal (STF). S\u00e3o investiga\u00e7\u00f5es relacionadas com o per\u00edodo em que ele foi prefeito de Campina Grande.<br \/>\nAt\u00e9 agora j\u00e1 foram arquivadas 26 a\u00e7\u00f5es, segundo levantamento feito pela sua assessoria. Todos os pedidos de arquivamento s\u00e3o do Minist\u00e9rio P\u00fablico Federal, leia-se Procuradoria Geral da Rep\u00fablica.<\/p>\n<p>O advogado Luciano Pires, que atua na defesa do parlamentar no STF, ressaltou o significado de mais uma a\u00e7\u00e3o arquivada. \u201cVeneziano sofreu uma devassa de propor\u00e7\u00f5es incr\u00edveis, sendo, certamente, um dos homens p\u00fablicos mais passados a limpo do pa\u00eds. Portanto, os sucessivos arquivamentos das a\u00e7\u00f5es representam um atestado de idoneidade espetacular\u201d.<\/p>\n<p>Luciano Pires destacou tamb\u00e9m que o ex-prefeito Veneziano \u201csempre se manteve sereno e crente na Justi\u00e7a, promovendo a defesa e os esclarecimentos pr\u00f3prios com seguran\u00e7a e confian\u00e7a\u201d.<\/p>\n<p><strong>CARIRI EM A\u00c7\u00c3O<\/strong><\/p>\n<p><em>Com Os Guedes \/Foto: Reprodu\u00e7\u00e3o Internet<\/em><\/p>\n<p><strong>Leia mais not\u00edcias em\u00a0<\/strong><a href=\"http:\/\/www.caririemacao.com\/\"><strong>caririemacao.com<\/strong><\/a><strong>, siga nossa p\u00e1gina no\u00a0<\/strong><a href=\"https:\/\/www.facebook.com\/CaririEmAcao\/?ref=aymt_homepage_panel\"><strong>Facebook<\/strong><\/a>,<strong>\u00a0<\/strong><a href=\"https:\/\/www.instagram.com\/cariri_em_acao\/?hl=pt-br\"><strong>Instagram<\/strong><\/a><strong>\u00a0e <\/strong><a href=\"https:\/\/www.youtube.com\/channel\/UCAptA0jQuYQy8vMhLt2m4qg\"><strong>Youtube<\/strong><\/a><strong>\u00a0e veja nossas mat\u00e9rias, v\u00eddeos e fotos. Voc\u00ea tamb\u00e9m pode enviar informa\u00e7\u00f5es \u00e0 Reda\u00e7\u00e3o do Portal Cariri em A\u00e7\u00e3o pelo WhatsApp (83) 9 9634.5791, (83) 9 9601-1162.<\/strong><\/p>\n","protected":false},"excerpt":{"rendered":"<p>O deputado federal Veneziano Vital do R\u00eago (MDB) tem se livrado de v\u00e1rias a\u00e7\u00f5es que foram ajuizadas contra ele no Supremo Tribunal Federal (STF). S\u00e3o&hellip; <\/p>\n","protected":false},"author":2,"featured_media":37176,"comment_status":"closed","ping_status":"closed","sticky":false,"template":"","format":"standard","meta":{"sfsi_plus_gutenberg_text_before_share":"","sfsi_plus_gutenberg_show_text_before_share":"","sfsi_plus_gutenberg_icon_type":"","sfsi_plus_gutenberg_icon_alignemt":"","sfsi_plus_gutenburg_max_per_row":"","footnotes":""},"categories":[11],"tags":[],"class_list":["post-44219","post","type-post","status-publish","format-standard","has-post-thumbnail","hentry","category-politica"],"_links":{"self":[{"href":"https:\/\/www.caririemacao.com\/1\/wp-json\/wp\/v2\/posts\/44219","targetHints":{"allow":["GET"]}}],"collection":[{"href":"https:\/\/www.caririemacao.com\/1\/wp-json\/wp\/v2\/posts"}],"about":[{"href":"https:\/\/www.caririemacao.com\/1\/wp-json\/wp\/v2\/types\/post"}],"author":[{"embeddable":true,"href":"https:\/\/www.caririemacao.com\/1\/wp-json\/wp\/v2\/users\/2"}],"replies":[{"embeddable":true,"href":"https:\/\/www.caririemacao.com\/1\/wp-json\/wp\/v2\/comments?post=44219"}],"version-history":[{"count":0,"href":"https:\/\/www.caririemacao.com\/1\/wp-json\/wp\/v2\/posts\/44219\/revisions"}],"wp:featuredmedia":[{"embeddable":true,"href":"https:\/\/www.caririemacao.com\/1\/wp-json\/wp\/v2\/media\/37176"}],"wp:attachment":[{"href":"https:\/\/www.caririemacao.com\/1\/wp-json\/wp\/v2\/media?parent=44219"}],"wp:term":[{"taxonomy":"category","embeddable":true,"href":"https:\/\/www.caririemacao.com\/1\/wp-json\/wp\/v2\/categories?post=44219"},{"taxonomy":"post_tag","embeddable":true,"href":"https:\/\/www.caririemacao.com\/1\/wp-json\/wp\/v2\/tags?post=44219"}],"curies":[{"name":"wp","href":"https:\/\/api.w.org\/{rel}","templated":true}]}}