{"id":44224,"date":"2018-03-14T10:58:04","date_gmt":"2018-03-14T13:58:04","guid":{"rendered":"http:\/\/caririemacao.com\/1\/?p=44224"},"modified":"2018-03-14T10:58:50","modified_gmt":"2018-03-14T13:58:50","slug":"reu-no-stf-juca-diz-que-estao-tentando-criminalizar-a-politica-confira","status":"publish","type":"post","link":"https:\/\/www.caririemacao.com\/1\/2018\/03\/14\/reu-no-stf-juca-diz-que-estao-tentando-criminalizar-a-politica-confira\/","title":{"rendered":"R\u00e9u no STF, Juc\u00e1 diz que est\u00e3o &#8220;tentando criminalizar a pol\u00edtica&#8221;; Confira"},"content":{"rendered":"<div class=\"ol-content-desc\">\n<p>O l\u00edder do governo do Senado, Romero Juc\u00e1 (MDB-RR), rebateu, nesta ter\u00e7a-feira, 13, a decis\u00e3o do Supremo Tribunal Federal de torn\u00e1-lo r\u00e9u no \u00e2mbito das investiga\u00e7\u00f5es relativas a Odebrecht. Ao explicar que est\u00e1 tranquilo quanto ao andamento do processo, Juc\u00e1 disse que est\u00e3o &#8220;tentando criminalizar a pol\u00edtica&#8221;.<\/p>\n<p>&#8220;O que est\u00e1 se tentando fazer \u00e9 criminaliza\u00e7\u00e3o da pol\u00edtica. Isso foi uma doa\u00e7\u00e3o oficial, que foi feita a centenas de pessoas, portanto, n\u00e3o h\u00e1 nenhum tipo de doa\u00e7\u00e3o estapaf\u00fardia ou sem limite de 150 mil reais. N\u00e3o \u00e9 nenhum valor que pudesse configurar nenhum tipo de vantagem il\u00edcita&#8221;, disse.<\/p>\n<p>Questionado se considerava um dem\u00e9rito ser considerado r\u00e9u no Supremo, ele respondeu negativamente. &#8220;N\u00e3o, porque os ju\u00edzes todos disseram textualmente que n\u00e3o estavam entrando no m\u00e9rito da quest\u00e3o. Fizeram quest\u00e3o de dizer isso. Estavam discutindo a quest\u00e3o processual. Agora, quando for discutido o m\u00e9rito, eu estou tranquilo. Vai ser provado que isso foi doa\u00e7\u00e3o oficial, sem nenhum tipo de contrapartida&#8221;, afirmou.<\/p>\n<p>O l\u00edder governista evitou atacar os membros do STF. Ele responsabilizou principalmente o ex-procurador-geral da Rep\u00fablica Rodrigo Janot pela den\u00fancia que acaba de ganhar andamento no STF.<\/p>\n<p>&#8220;Os excessos devem ser discutidos e tratados pela Justi\u00e7a. Na verdade, o excesso nesse caso foi cometido pelo Rodrigo Janot, que fez uma den\u00fancia inepta e irrespons\u00e1vel. Agora ao receber a den\u00fancia os ministros do Supremo entenderam que era preciso instruir essa den\u00fancia, portanto os ministros agiram de acordo com a norma t\u00e9cnica do STF. Eu n\u00e3o tenho nenhum coment\u00e1rio a fazer sobre a postura de qualquer ministro, acho que eles est\u00e3o se resguardando e dando andamento t\u00e9cnico aos procedimentos e na instru\u00e7\u00e3o do processo nos vamos provar qual \u00e9 a verdade&#8221;, disse. Para Juc\u00e1, apesar da condi\u00e7\u00e3o agora de r\u00e9u, n\u00e3o h\u00e1 motivo para ele deixar seu posto de l\u00edder do governo no Senado.<\/p>\n<p>O emedebista foi questionado ainda sobre outra recente decis\u00e3o do Supremo, que pediu a quebra de sigilo banc\u00e1rio do presidente Michel Temer. Juc\u00e1 relacionou a medida \u00e0s movimenta\u00e7\u00f5es do presidente em torno de uma poss\u00edvel candidatura \u00e0 reelei\u00e7\u00e3o.<\/p>\n<p>&#8220;Sempre h\u00e1 uma desconfian\u00e7a de que h\u00e1 algum fato em cima dessa movimenta\u00e7\u00e3o pol\u00edtica. Por coincid\u00eancia, toda vez que ele faz uma movimenta\u00e7\u00e3o pol\u00edtica acontece esse tipo de coisa. Eu n\u00e3o quero aqui fazer nenhum tipo de ila\u00e7\u00e3o, mas por coincid\u00eancia isso ocorreu. Ele j\u00e1 est\u00e1 exposto por ser presidente da Rep\u00fablica, sabe o que vai sofrer&#8221;, afirmou. Com informa\u00e7\u00f5es do Estad\u00e3o Conte\u00fado.<\/p>\n<\/div>\n<div>\n<p><strong>CARIRI EM A\u00c7\u00c3O<\/strong><\/p>\n<p><em>Com Rep\u00f3rter PB\/Foto: Reprodu\u00e7\u00e3o Internet<\/em><\/p>\n<p><strong>Leia mais not\u00edcias em\u00a0<\/strong><a href=\"http:\/\/www.caririemacao.com\/\"><strong>caririemacao.com<\/strong><\/a><strong>, siga nossa p\u00e1gina no\u00a0<\/strong><a href=\"https:\/\/www.facebook.com\/CaririEmAcao\/?ref=aymt_homepage_panel\"><strong>Facebook<\/strong><\/a>,<strong>\u00a0<\/strong><a href=\"https:\/\/www.instagram.com\/cariri_em_acao\/?hl=pt-br\"><strong>Instagram<\/strong><\/a><strong>\u00a0e <\/strong><a href=\"https:\/\/www.youtube.com\/channel\/UCAptA0jQuYQy8vMhLt2m4qg\"><strong>Youtube<\/strong><\/a><strong>\u00a0e veja nossas mat\u00e9rias, v\u00eddeos e fotos. Voc\u00ea tamb\u00e9m pode enviar informa\u00e7\u00f5es \u00e0 Reda\u00e7\u00e3o do Portal Cariri em A\u00e7\u00e3o pelo WhatsApp (83) 9 9634.5791, (83) 9 9601-1162.<\/strong><\/p>\n<\/div>\n","protected":false},"excerpt":{"rendered":"<p>O l\u00edder do governo do Senado, Romero Juc\u00e1 (MDB-RR), rebateu, nesta ter\u00e7a-feira, 13, a decis\u00e3o do Supremo Tribunal Federal de torn\u00e1-lo r\u00e9u no \u00e2mbito das&hellip; <\/p>\n","protected":false},"author":2,"featured_media":35024,"comment_status":"closed","ping_status":"closed","sticky":false,"template":"","format":"standard","meta":{"sfsi_plus_gutenberg_text_before_share":"","sfsi_plus_gutenberg_show_text_before_share":"","sfsi_plus_gutenberg_icon_type":"","sfsi_plus_gutenberg_icon_alignemt":"","sfsi_plus_gutenburg_max_per_row":"","footnotes":""},"categories":[11],"tags":[],"class_list":["post-44224","post","type-post","status-publish","format-standard","has-post-thumbnail","hentry","category-politica"],"_links":{"self":[{"href":"https:\/\/www.caririemacao.com\/1\/wp-json\/wp\/v2\/posts\/44224","targetHints":{"allow":["GET"]}}],"collection":[{"href":"https:\/\/www.caririemacao.com\/1\/wp-json\/wp\/v2\/posts"}],"about":[{"href":"https:\/\/www.caririemacao.com\/1\/wp-json\/wp\/v2\/types\/post"}],"author":[{"embeddable":true,"href":"https:\/\/www.caririemacao.com\/1\/wp-json\/wp\/v2\/users\/2"}],"replies":[{"embeddable":true,"href":"https:\/\/www.caririemacao.com\/1\/wp-json\/wp\/v2\/comments?post=44224"}],"version-history":[{"count":0,"href":"https:\/\/www.caririemacao.com\/1\/wp-json\/wp\/v2\/posts\/44224\/revisions"}],"wp:featuredmedia":[{"embeddable":true,"href":"https:\/\/www.caririemacao.com\/1\/wp-json\/wp\/v2\/media\/35024"}],"wp:attachment":[{"href":"https:\/\/www.caririemacao.com\/1\/wp-json\/wp\/v2\/media?parent=44224"}],"wp:term":[{"taxonomy":"category","embeddable":true,"href":"https:\/\/www.caririemacao.com\/1\/wp-json\/wp\/v2\/categories?post=44224"},{"taxonomy":"post_tag","embeddable":true,"href":"https:\/\/www.caririemacao.com\/1\/wp-json\/wp\/v2\/tags?post=44224"}],"curies":[{"name":"wp","href":"https:\/\/api.w.org\/{rel}","templated":true}]}}