{"id":44230,"date":"2018-03-14T11:08:49","date_gmt":"2018-03-14T14:08:49","guid":{"rendered":"http:\/\/caririemacao.com\/1\/?p=44230"},"modified":"2018-03-14T11:08:49","modified_gmt":"2018-03-14T14:08:49","slug":"com-20-times-liga-paraibana-de-futsal-sera-lancada-em-evento-nesta-quarta-feira","status":"publish","type":"post","link":"https:\/\/www.caririemacao.com\/1\/2018\/03\/14\/com-20-times-liga-paraibana-de-futsal-sera-lancada-em-evento-nesta-quarta-feira\/","title":{"rendered":"Com 20 times, Liga Paraibana de Futsal ser\u00e1 lan\u00e7ada em evento nesta quarta-feira"},"content":{"rendered":"<div class=\"mc-column\">\n<div class=\"content-publication-data\">\n<p class=\"content-publication-data__updated\">A bola vai rolar para a primeira edi\u00e7\u00e3o da Liga Paraibana de Futsal na categoria Adulto Masculino a partir do pr\u00f3ximo s\u00e1bado. Mas, antes disso, nesta quarta-feira, em uma casa de show no bairro do Bessa, em Jo\u00e3o Pessoa, vai acontecer o lan\u00e7amento oficial do evento. Na cerim\u00f4nia, marcada para as 20h, v\u00e3o ser apresentadas as 20 equipes que v\u00e3o disputar o t\u00edtulo. Al\u00e9m disso, vai ser realizado o sorteio dos grupos e divulgados o regulamento e a tabela de jogos e tamb\u00e9m a apresenta\u00e7\u00e3o do site oficial da Liga.<\/p>\n<\/div>\n<\/div>\n<div class=\"mc-article-body\">\n<article>\n<div class=\"mc-column content-text active-extra-styles \" data-block-type=\"unstyled\" data-block-weight=\"62\" data-block-id=\"2\">\n<p class=\"content-text__container \" data-track-category=\"Link no Texto\" data-track-links=\"\">A mais nova competi\u00e7\u00e3o do futsal paraibano come\u00e7a no pr\u00f3ximo s\u00e1bado com equipes equipes de sete cidades: Jo\u00e3o Pessoa, Campina Grande, Guarabira, Santa Rita, Bayeux, Bananeiras e Lagoa de Dentro. No entanto, para facilitar a log\u00edstica da competi\u00e7\u00e3o, todos os jogos ser\u00e3o realizados na capital paraibana. O campe\u00e3o da Liga Paraibana de Futsal vai representar o estado na Liga Nordeste da modalidade.<\/p>\n<\/div>\n<div class=\"mc-column content-text active-extra-styles \" data-block-type=\"unstyled\" data-block-weight=\"80\" data-block-id=\"3\">\n<p class=\"content-text__container \" data-track-category=\"Link no Texto\" data-track-links=\"\">A Liga Paraibana de Futsal \u00e9 um campeonato organizado pela Liga Paraibana Esportiva (LPE), homologado pela Federa\u00e7\u00e3o Paraibana de Futsal (FPFS) e apoiado pela Liga Metropolitana de Futsal \u2013 que, por muitos anos, organizou torneios independentes na regi\u00e3o metropolitana de Jo\u00e3o Pessoa. Os jogos da Liga ser\u00e3o realizados em tr\u00eas gin\u00e1sios de Jo\u00e3o Pessoa: a Vila Ol\u00edmpica Parahyba, que fica no Bairro dos Estados; o Ronald\u00e3o, no bairro do Cristo; e o Odilon Ribeiro Coutinho, que fica no Valentina Figueiredo.<\/p>\n<\/div>\n<div class=\"mc-column content-text active-extra-styles\" data-block-type=\"raw\" data-block-weight=\"1\" data-block-id=\"5\">\n<div class=\"content-intertitle\">\n<p><strong>Regulamento<\/strong><\/p>\n<\/div>\n<\/div>\n<div class=\"mc-column content-text active-extra-styles \" data-block-type=\"unstyled\" data-block-weight=\"143\" data-block-id=\"6\">\n<p class=\"content-text__container \" data-track-category=\"Link no Texto\" data-track-links=\"\">A Liga Paraibana de Futsal ser\u00e1 disputada em quatro grupos, todos com sede em Jo\u00e3o Pessoa. Cada grupo contar\u00e1 com a presen\u00e7a de cinco times, que jogar\u00e3o no sistema de todos contra todos, mas em turno \u00fanico (apenas jogos de ida). Ao t\u00e9rmino da primeira fase, o \u00faltimo colocado em cada grupo ser\u00e1 rebaixado para a 2\u00aa divis\u00e3o, que vai ser jogada entre os meses de junho e outubro deste ano. J\u00e1 os quatro primeiros colocados de cada chave avan\u00e7am para as oitavas de final. Esses 16 times compor\u00e3o oito confrontos eliminat\u00f3rios em jogo \u00fanico. Oito avan\u00e7am para as quartas de final, depois quatro para as semifinais, at\u00e9 que apenas dois cheguem \u00e0 grande decis\u00e3o. O campe\u00e3o da Liga Paraibana de Futsal vai receber uma premia\u00e7\u00e3o no valor de R$ 3 mil e ser\u00e1 o representante do estado na Liga Nordeste de Futsal<\/p>\n<p class=\"content-text__container \" data-track-category=\"Link no Texto\" data-track-links=\"\"><strong style=\"font-family: inherit; font-size: inherit; font-style: inherit; font-variant-ligatures: inherit; font-variant-caps: inherit; text-align: center;\">Confira os 20 times da Liga Paraibana de Futsal:<\/strong><\/p>\n<\/div>\n<div class=\"mc-column content-text active-extra-styles\" data-block-type=\"raw\" data-block-weight=\"62\" data-block-id=\"9\">\n<ul class=\"content-unordered-list\">\n<li><strong>10eFaixa<\/strong><\/li>\n<li><strong>ADCBF-Santa Rita Futsal<\/strong><\/li>\n<li><strong>Associa\u00e7\u00e3o \u00d4mega<\/strong>\u00a0<em>(estava prestes a firmar parceria com o Botafogo Futebol Clube, mas acabou fechando com o S\u00e3o Paulo Crystal)<\/em><\/li>\n<li><strong>Atl\u00e9tico Renascer<\/strong><\/li>\n<li><strong>Barca Futsal<\/strong><\/li>\n<li><strong>Barcelona Futsal;<\/strong><\/li>\n<li><strong>Bonan\u00e7a Futsal<\/strong><\/li>\n<li><strong>Clube Cabo Branco<\/strong><\/li>\n<li><strong>D\u00f3kimos<\/strong><\/li>\n<li><strong>EPCF Guarabira<\/strong><\/li>\n<li><strong>Farias Futsal<\/strong><\/li>\n<li><strong>F\u00faria Futsal<\/strong><\/li>\n<li><strong>Independente-Lagoa de Dentro<\/strong><\/li>\n<li><strong>PSG Cruz das Armas<\/strong><\/li>\n<li><strong>Ra\u00e7a SM Metal\u00fargica<\/strong><\/li>\n<li><strong>Salonistas<\/strong><\/li>\n<li><strong>Santo Andr\u00e9 Futsal<\/strong><\/li>\n<li><strong>Super 5 Futsal<\/strong><\/li>\n<li><strong>UCD Bananeiras<\/strong><\/li>\n<li><strong>Unifacisa<\/strong><\/li>\n<\/ul>\n<p><strong>CARIRI EM A\u00c7\u00c3O<\/strong><\/p>\n<p><em>Com G1 Esportes\/Foto: Reprodu\u00e7\u00e3o LigaPBFutsal<\/em><\/p>\n<p><strong>Leia mais not\u00edcias em\u00a0<\/strong><a href=\"http:\/\/www.caririemacao.com\/\"><strong>caririemacao.com<\/strong><\/a><strong>, siga nossa p\u00e1gina no\u00a0<\/strong><a href=\"https:\/\/www.facebook.com\/CaririEmAcao\/?ref=aymt_homepage_panel\"><strong>Facebook<\/strong><\/a>,<strong>\u00a0<\/strong><a href=\"https:\/\/www.instagram.com\/cariri_em_acao\/?hl=pt-br\"><strong>Instagram<\/strong><\/a><strong>\u00a0e <\/strong><a href=\"https:\/\/www.youtube.com\/channel\/UCAptA0jQuYQy8vMhLt2m4qg\"><strong>Youtube<\/strong><\/a><strong>\u00a0e veja nossas mat\u00e9rias, v\u00eddeos e fotos. Voc\u00ea tamb\u00e9m pode enviar informa\u00e7\u00f5es \u00e0 Reda\u00e7\u00e3o do Portal Cariri em A\u00e7\u00e3o pelo WhatsApp (83) 9 9634.5791, (83) 9 9601-1162.<\/strong><\/p>\n<\/div>\n<\/article>\n<\/div>\n","protected":false},"excerpt":{"rendered":"<p>A bola vai rolar para a primeira edi\u00e7\u00e3o da Liga Paraibana de Futsal na categoria Adulto Masculino a partir do pr\u00f3ximo s\u00e1bado. Mas, antes disso,&hellip; <\/p>\n","protected":false},"author":2,"featured_media":44231,"comment_status":"closed","ping_status":"closed","sticky":false,"template":"","format":"standard","meta":{"sfsi_plus_gutenberg_text_before_share":"","sfsi_plus_gutenberg_show_text_before_share":"","sfsi_plus_gutenberg_icon_type":"","sfsi_plus_gutenberg_icon_alignemt":"","sfsi_plus_gutenburg_max_per_row":"","footnotes":""},"categories":[13],"tags":[],"class_list":["post-44230","post","type-post","status-publish","format-standard","has-post-thumbnail","hentry","category-esportes"],"_links":{"self":[{"href":"https:\/\/www.caririemacao.com\/1\/wp-json\/wp\/v2\/posts\/44230","targetHints":{"allow":["GET"]}}],"collection":[{"href":"https:\/\/www.caririemacao.com\/1\/wp-json\/wp\/v2\/posts"}],"about":[{"href":"https:\/\/www.caririemacao.com\/1\/wp-json\/wp\/v2\/types\/post"}],"author":[{"embeddable":true,"href":"https:\/\/www.caririemacao.com\/1\/wp-json\/wp\/v2\/users\/2"}],"replies":[{"embeddable":true,"href":"https:\/\/www.caririemacao.com\/1\/wp-json\/wp\/v2\/comments?post=44230"}],"version-history":[{"count":0,"href":"https:\/\/www.caririemacao.com\/1\/wp-json\/wp\/v2\/posts\/44230\/revisions"}],"wp:featuredmedia":[{"embeddable":true,"href":"https:\/\/www.caririemacao.com\/1\/wp-json\/wp\/v2\/media\/44231"}],"wp:attachment":[{"href":"https:\/\/www.caririemacao.com\/1\/wp-json\/wp\/v2\/media?parent=44230"}],"wp:term":[{"taxonomy":"category","embeddable":true,"href":"https:\/\/www.caririemacao.com\/1\/wp-json\/wp\/v2\/categories?post=44230"},{"taxonomy":"post_tag","embeddable":true,"href":"https:\/\/www.caririemacao.com\/1\/wp-json\/wp\/v2\/tags?post=44230"}],"curies":[{"name":"wp","href":"https:\/\/api.w.org\/{rel}","templated":true}]}}